{"id":25314,"date":"2022-08-10T07:13:01","date_gmt":"2022-08-10T13:13:01","guid":{"rendered":"http:\/\/mickyandoniehn.com\/radio\/2022\/08\/10\/la-historia-del-mundo-y-honduras-589\/"},"modified":"2022-08-10T07:13:01","modified_gmt":"2022-08-10T13:13:01","slug":"la-historia-del-mundo-y-honduras-589","status":"publish","type":"post","link":"https:\/\/mickyandoniehn.com\/radio\/2022\/08\/10\/la-historia-del-mundo-y-honduras-589\/","title":{"rendered":"La Historia del Mundo y Honduras"},"content":{"rendered":"<p>\u00a0<\/p>\n<p>\u00a0<\/p>\n<p>10.AGO.1810<br \/>\nNaci\u00f3 Camilo Benso<\/p>\n<p>Camillo Benso naci\u00f3 el 10 de agosto de 1810 y falleci\u00f3 el 6 de junio de 1861, fue un pol\u00edtico y estadista de la Italia anterior a la unificaci\u00f3n. En pol\u00edtica interna fue el art\u00edfice del orden mon\u00e1rquico constitucional, todas sus reformas estaban dictadas por su deseo de impedir cualquier tipo de insurrecci\u00f3n democr\u00e1tica o republicana. Se preocup\u00f3 de redimensionar el poder de la Iglesia romana, y promovi\u00f3 la construcci\u00f3n de hogares para la infancia, y mantuvo una lucha tenaz contra los jesuitas, que detentaban el monopolio en las tareas educativas. En pol\u00edtica exterior fue un pol\u00edtico h\u00e1bil. Su objetivo era crear un estado fuerte en el norte de Italia bajo la corona de la Casa de Saboya, Pero descubri\u00f3 que para alcanzar ese objetivo, deb\u00eda obtener apoyos de las potencias europeas, por ello alcanz\u00f3 la alianza con estas fuerzas econ\u00f3micas.<\/p>\n","protected":false},"excerpt":{"rendered":"<p>\u00a0 \u00a0 10.AGO.1810 Naci\u00f3 Camilo Benso Camillo Benso naci\u00f3 el 10 de agosto de 1810 y falleci\u00f3 el 6 de junio de 1861, fue un pol\u00edtico y estadista de la Italia anterior a la unificaci\u00f3n. En pol\u00edtica interna fue el art\u00edfice del orden mon\u00e1rquico constitucional, todas sus reformas estaban dictadas por su deseo de impedir &hellip;<\/p>\n","protected":false},"author":0,"featured_media":25315,"comment_status":"open","ping_status":"open","sticky":false,"template":"","format":"standard","meta":{"_jetpack_memberships_contains_paid_content":false,"footnotes":""},"categories":[5],"tags":[],"class_list":["post-25314","post","type-post","status-publish","format-standard","has-post-thumbnail","","category-noticias"],"jetpack_sharing_enabled":true,"jetpack_featured_media_url":"https:\/\/mickyandoniehn.com\/radio\/wp-content\/uploads\/2022\/08\/10-de-agosto-1810-NaciC3B3-Camilo-Benso-1-Mc9m33.jpeg","_links":{"self":[{"href":"https:\/\/mickyandoniehn.com\/radio\/wp-json\/wp\/v2\/posts\/25314","targetHints":{"allow":["GET"]}}],"collection":[{"href":"https:\/\/mickyandoniehn.com\/radio\/wp-json\/wp\/v2\/posts"}],"about":[{"href":"https:\/\/mickyandoniehn.com\/radio\/wp-json\/wp\/v2\/types\/post"}],"replies":[{"embeddable":true,"href":"https:\/\/mickyandoniehn.com\/radio\/wp-json\/wp\/v2\/comments?post=25314"}],"version-history":[{"count":0,"href":"https:\/\/mickyandoniehn.com\/radio\/wp-json\/wp\/v2\/posts\/25314\/revisions"}],"wp:featuredmedia":[{"embeddable":true,"href":"https:\/\/mickyandoniehn.com\/radio\/wp-json\/wp\/v2\/media\/25315"}],"wp:attachment":[{"href":"https:\/\/mickyandoniehn.com\/radio\/wp-json\/wp\/v2\/media?parent=25314"}],"wp:term":[{"taxonomy":"category","embeddable":true,"href":"https:\/\/mickyandoniehn.com\/radio\/wp-json\/wp\/v2\/categories?post=25314"},{"taxonomy":"post_tag","embeddable":true,"href":"https:\/\/mickyandoniehn.com\/radio\/wp-json\/wp\/v2\/tags?post=25314"}],"curies":[{"name":"wp","href":"https:\/\/api.w.org\/{rel}","templated":true}]}}