{"id":25312,"date":"2022-08-10T07:13:00","date_gmt":"2022-08-10T13:13:00","guid":{"rendered":"http:\/\/mickyandoniehn.com\/radio\/2022\/08\/10\/la-historia-del-mundo-y-honduras-588\/"},"modified":"2022-08-10T07:13:00","modified_gmt":"2022-08-10T13:13:00","slug":"la-historia-del-mundo-y-honduras-588","status":"publish","type":"post","link":"https:\/\/mickyandoniehn.com\/radio\/2022\/08\/10\/la-historia-del-mundo-y-honduras-588\/","title":{"rendered":"La Historia del Mundo y Honduras"},"content":{"rendered":"<\/p>\n<p>11.AGO.1959<br \/>\nNace Gustavo Cerati<\/p>\n<p>En Buenos Aires, el 11 de agosto de 1959, nac\u00eda el m\u00fasico argentino Gustavo Cerati, reconocido internacionalmente por haber sido el cantante, guitarrista y compositor del grupo Soda Stereo, una de las bandas m\u00e1s importantes de la historia del rock de su pa\u00eds.<\/p>\n<p>A comienzos de 1980 particip\u00f3 de The Morgan, un grupo que dur\u00f3 pocos meses, del que formaron parte grandes artistas como Andr\u00e9s Calamaro y H\u00e9ctor Zeta Bosio, entre otros. Con este \u00faltimo, en bajo y coros, y Charly Alberti en bater\u00eda, form\u00f3 la banda Soda Stereo en el a\u00f1o 1982. Dos a\u00f1os despu\u00e9s lanzaron \u201cSoda Stereo\u201d, el primer \u00e1lbum de estudio del grupo. A este le siguieron grandes trabajos como \u201cNada personal\u201d (1985),\u00a0 \u201cCanci\u00f3n Animal\u201d (1990), \u201cDynamo\u201d (1992) y \u201cSue\u00f1o Stereo\u201d (1995), entre otros. En 1996 accedieron a realizar un concierto para la cadena MTV, del que luego se edit\u00f3 un \u00e1lbum: \u201cComfort y m\u00fasica para volar\u201d. Al a\u00f1o siguiente, Soda Stereo anunci\u00f3 oficialmente su separaci\u00f3n. Cerati inici\u00f3 la que ser\u00eda una exitosa carrera como solista, de la que se destacan discos como \u201cBocanada\u201d (1999) y \u201cAh\u00ed vamos\u201d (2006). En 2007 Soda Stereo regres\u00f3 a los escenarios y realiz\u00f3 una gira por diversos pa\u00edses de Am\u00e9rica. El talentoso artista falleci\u00f3 el 4 de septiembre de 2014, luego de haber permanecido en coma durante m\u00e1s de 4 a\u00f1os a causa de un accidente cerebrovascular.<\/p>\n","protected":false},"excerpt":{"rendered":"<p>11.AGO.1959 Nace Gustavo Cerati En Buenos Aires, el 11 de agosto de 1959, nac\u00eda el m\u00fasico argentino Gustavo Cerati, reconocido internacionalmente por haber sido el cantante, guitarrista y compositor del grupo Soda Stereo, una de las bandas m\u00e1s importantes de la historia del rock de su pa\u00eds. A comienzos de 1980 particip\u00f3 de The Morgan, &hellip;<\/p>\n","protected":false},"author":0,"featured_media":25313,"comment_status":"open","ping_status":"open","sticky":false,"template":"","format":"standard","meta":{"_jetpack_memberships_contains_paid_content":false,"footnotes":""},"categories":[5],"tags":[],"class_list":["post-25312","post","type-post","status-publish","format-standard","has-post-thumbnail","","category-noticias"],"jetpack_sharing_enabled":true,"jetpack_featured_media_url":"https:\/\/mickyandoniehn.com\/radio\/wp-content\/uploads\/2022\/08\/11-de-agosto-1959-Nace-Gustavo-Cerati-rtc55f.jpeg","_links":{"self":[{"href":"https:\/\/mickyandoniehn.com\/radio\/wp-json\/wp\/v2\/posts\/25312","targetHints":{"allow":["GET"]}}],"collection":[{"href":"https:\/\/mickyandoniehn.com\/radio\/wp-json\/wp\/v2\/posts"}],"about":[{"href":"https:\/\/mickyandoniehn.com\/radio\/wp-json\/wp\/v2\/types\/post"}],"replies":[{"embeddable":true,"href":"https:\/\/mickyandoniehn.com\/radio\/wp-json\/wp\/v2\/comments?post=25312"}],"version-history":[{"count":0,"href":"https:\/\/mickyandoniehn.com\/radio\/wp-json\/wp\/v2\/posts\/25312\/revisions"}],"wp:featuredmedia":[{"embeddable":true,"href":"https:\/\/mickyandoniehn.com\/radio\/wp-json\/wp\/v2\/media\/25313"}],"wp:attachment":[{"href":"https:\/\/mickyandoniehn.com\/radio\/wp-json\/wp\/v2\/media?parent=25312"}],"wp:term":[{"taxonomy":"category","embeddable":true,"href":"https:\/\/mickyandoniehn.com\/radio\/wp-json\/wp\/v2\/categories?post=25312"},{"taxonomy":"post_tag","embeddable":true,"href":"https:\/\/mickyandoniehn.com\/radio\/wp-json\/wp\/v2\/tags?post=25312"}],"curies":[{"name":"wp","href":"https:\/\/api.w.org\/{rel}","templated":true}]}}