{"id":25310,"date":"2022-08-10T07:13:00","date_gmt":"2022-08-10T13:13:00","guid":{"rendered":"http:\/\/mickyandoniehn.com\/radio\/2022\/08\/10\/olimpiadas-especiales-con-actividades-para-apoyo-a-personas-con-disparidad\/"},"modified":"2022-08-10T07:13:00","modified_gmt":"2022-08-10T13:13:00","slug":"olimpiadas-especiales-con-actividades-para-apoyo-a-personas-con-disparidad","status":"publish","type":"post","link":"https:\/\/mickyandoniehn.com\/radio\/2022\/08\/10\/olimpiadas-especiales-con-actividades-para-apoyo-a-personas-con-disparidad\/","title":{"rendered":"Olimpiadas especiales con actividades para apoyo a personas con disparidad"},"content":{"rendered":"<p><strong>Tegucigalpa,Honduras mi\u00e9rcoles 10 agosto \u00a02022<\/strong><\/p>\n<\/p>\n<p>En apoyo a las Olimpiadas especiales, ayer en el centro de la capital, se realiz\u00f3 un evento en donde se recolect\u00f3 dinero para apoyar a cerca de 2,300 atletas con alg\u00fan tipo de discapacidad intelectual.<\/p>\n<p>La campa\u00f1a, denominada, \u201cV\u00edstete de Rojo por la Inclusi\u00f3n\u201d, se realiza para que los capitalinos puedan donar en los distintos botellones que habr\u00e1 en las distintas calles de Tegucigalpa en el D\u00eda Mundial de la Inclusi\u00f3n.<\/p>\n<p>Olimpiadas especiales Honduras es una organizaci\u00f3n sin fines de lucro que da terapia a personas con discapacidad intelectual, se encuentra en el pa\u00eds, por m\u00e1s de 20 a\u00f1os en Honduras.<\/p>\n<p>En la actualidad, realizan una actividad denominada la Feria con tu Canino, donde las personas pueden disfrutar de una caminata y carrera canina, con premios y sorpresas, por lo que tienen a la venta los kits con un valor de 300 lempiras, el cual incluye una gorra, un pa\u00f1uelo y el n\u00famero de participante.<\/p>\n<div class=\"fs-dynamic\">\n<div>\n<div>\n<div class=\"__fs-ancillary\">\n<div class=\"__fs-branding\"><\/div>\n<\/div>\n<\/div>\n<\/div>\n<\/div>\n<p>El kit se puede cancelar en efectivo en la oficina en Tegucigalpa, ubicada en la Villa Ol\u00edmpica, o depositar a la cuenta BAC: 100203870, para mayor informaci\u00f3n la gente puede encontrarlos en la pagina de Facebook, Olimpiadas Especiales Honduras.<\/p>\n<p><strong>Fuente: La Tribuna<\/strong><\/p>\n","protected":false},"excerpt":{"rendered":"<p>Tegucigalpa,Honduras mi\u00e9rcoles 10 agosto \u00a02022 En apoyo a las Olimpiadas especiales, ayer en el centro de la capital, se realiz\u00f3 un evento en donde se recolect\u00f3 dinero para apoyar a cerca de 2,300 atletas con alg\u00fan tipo de discapacidad intelectual. La campa\u00f1a, denominada, \u201cV\u00edstete de Rojo por la Inclusi\u00f3n\u201d, se realiza para que los capitalinos &hellip;<\/p>\n","protected":false},"author":0,"featured_media":25311,"comment_status":"open","ping_status":"open","sticky":false,"template":"","format":"standard","meta":{"_jetpack_memberships_contains_paid_content":false,"footnotes":""},"categories":[5],"tags":[],"class_list":["post-25310","post","type-post","status-publish","format-standard","has-post-thumbnail","","category-noticias"],"jetpack_sharing_enabled":true,"jetpack_featured_media_url":"https:\/\/mickyandoniehn.com\/radio\/wp-content\/uploads\/2022\/08\/OLIMPIADAS-1-evfEuE.jpeg","_links":{"self":[{"href":"https:\/\/mickyandoniehn.com\/radio\/wp-json\/wp\/v2\/posts\/25310","targetHints":{"allow":["GET"]}}],"collection":[{"href":"https:\/\/mickyandoniehn.com\/radio\/wp-json\/wp\/v2\/posts"}],"about":[{"href":"https:\/\/mickyandoniehn.com\/radio\/wp-json\/wp\/v2\/types\/post"}],"replies":[{"embeddable":true,"href":"https:\/\/mickyandoniehn.com\/radio\/wp-json\/wp\/v2\/comments?post=25310"}],"version-history":[{"count":0,"href":"https:\/\/mickyandoniehn.com\/radio\/wp-json\/wp\/v2\/posts\/25310\/revisions"}],"wp:featuredmedia":[{"embeddable":true,"href":"https:\/\/mickyandoniehn.com\/radio\/wp-json\/wp\/v2\/media\/25311"}],"wp:attachment":[{"href":"https:\/\/mickyandoniehn.com\/radio\/wp-json\/wp\/v2\/media?parent=25310"}],"wp:term":[{"taxonomy":"category","embeddable":true,"href":"https:\/\/mickyandoniehn.com\/radio\/wp-json\/wp\/v2\/categories?post=25310"},{"taxonomy":"post_tag","embeddable":true,"href":"https:\/\/mickyandoniehn.com\/radio\/wp-json\/wp\/v2\/tags?post=25310"}],"curies":[{"name":"wp","href":"https:\/\/api.w.org\/{rel}","templated":true}]}}