{"id":25308,"date":"2022-08-10T07:13:00","date_gmt":"2022-08-10T13:13:00","guid":{"rendered":"http:\/\/mickyandoniehn.com\/radio\/2022\/08\/10\/la-salud-un-problema-central-para-migrantes-en-la-mexicana-ciudad-juarez\/"},"modified":"2022-08-10T07:13:00","modified_gmt":"2022-08-10T13:13:00","slug":"la-salud-un-problema-central-para-migrantes-en-la-mexicana-ciudad-juarez","status":"publish","type":"post","link":"https:\/\/mickyandoniehn.com\/radio\/2022\/08\/10\/la-salud-un-problema-central-para-migrantes-en-la-mexicana-ciudad-juarez\/","title":{"rendered":"La salud, un problema central para migrantes en la mexicana Ciudad Ju\u00e1rez"},"content":{"rendered":"<p><strong>Tegucigalpa,Honduras mi\u00e9rcoles 10 agosto \u00a02022<\/strong><\/p>\n<\/p>\n<p>La desnutrici\u00f3n, el estr\u00e9s y la ansiedad son algunos de los problemas de salud que aquejan a los migrantes que llegan a M\u00e9xico, por lo que en Ciudad Ju\u00e1rez, estado de Chihuahua, fronteriza con Estados Unidos, la Unicef ha implementado un programa atender a esa poblaci\u00f3n.<\/p>\n<p>\u201cEl desgaste durante su traves\u00eda hasta llegar a M\u00e9xico primero y luego la frontera norte nos hace atender estos problemas de salud, adem\u00e1s de ofrecerles ayuda psicol\u00f3gica\u201d, dijo a Efe el director de la oficina del Fondo de las Naciones Unidas para la Infancia (Unicef) en Ciudad Ju\u00e1rez, Ignacio L\u00f3pez.<\/p>\n<p>Dijo que el proyecto, llamado \u201cVamos juntos\u201d, tiene como objetivo acercarse a personas necesitadas y, por medio de unidades m\u00f3viles, brindarles atenci\u00f3n m\u00e9dica.<\/p>\n<p>Hace unos d\u00edas, representantes del organismo acudieron al albergue Solus Christus, al sur de esta frontera, para ofrecer consultas en \u00e1reas como odontolog\u00eda, nutrici\u00f3n y medicina general.<\/p>\n<p>El representante de Unicef dijo que la atenci\u00f3n es especial con los ni\u00f1os y ni\u00f1as, quienes \u201cpresentan diferentes necesidades en materia de salud. Es importante que tengan un buen estado de nutrici\u00f3n y, de ser necesario, se les dirige a otro espacio para que reciban la atenci\u00f3n m\u00e9dica especializada\u201d.<\/p>\n<p>Seg\u00fan registros, de marzo a la fecha el programa ha brindado m\u00e1s de 2.000 consultas m\u00e9dicas en 13 diferentes albergues de la ciudad.<\/p>\n<p><strong>PROBLEMAS DE SALUD<\/strong><\/p>\n<p>Los principales problemas de salud que padecen los migrantes son estr\u00e9s y ansiedad, debido a la situaci\u00f3n que enfrentaron en su lugar de origen, como violencia o amenazas.<\/p>\n<p>En segundo lugar, est\u00e1 la deshidrataci\u00f3n, pues la mayor\u00eda de los pa\u00edses de los que provienen no cuentan con climas tan c\u00e1lidos como en M\u00e9xico.<\/p>\n<p>Tambi\u00e9n padecen de desnutrici\u00f3n, ya que no cuentan con la forma de satisfacer sus necesidades b\u00e1sicas de alimentaci\u00f3n y a ello se agregan lesiones en piernas por el trayecto largo que recorren, en su gran mayor\u00eda, a pie.<\/p>\n<p>Para Mar\u00eda Luisa P\u00e9rez, originaria de Honduras, el programa es muy bueno porque se \u201catiende a ni\u00f1os y adultos, ahora batallamos con la tos en los ni\u00f1os, se enferman de fiebre y esta atenci\u00f3n m\u00e9dica ayuda a prevenir enfermedades\u201d, coment\u00f3 a Efe.<\/p>\n<p>Otro migrante, Robinson L\u00f3pez, de Guatemala, dijo en entrevista con Efe que la asistencia m\u00e9dica ayuda ante la falta de recursos.<\/p>\n<div class=\"fs-dynamic\">\n<div><\/div>\n<\/div>\n<p><strong>Fuente: La Tribuna<\/strong><\/p>\n","protected":false},"excerpt":{"rendered":"<p>Tegucigalpa,Honduras mi\u00e9rcoles 10 agosto \u00a02022 La desnutrici\u00f3n, el estr\u00e9s y la ansiedad son algunos de los problemas de salud que aquejan a los migrantes que llegan a M\u00e9xico, por lo que en Ciudad Ju\u00e1rez, estado de Chihuahua, fronteriza con Estados Unidos, la Unicef ha implementado un programa atender a esa poblaci\u00f3n. \u201cEl desgaste durante su &hellip;<\/p>\n","protected":false},"author":0,"featured_media":25309,"comment_status":"open","ping_status":"open","sticky":false,"template":"","format":"standard","meta":{"_jetpack_memberships_contains_paid_content":false,"footnotes":""},"categories":[5],"tags":[],"class_list":["post-25308","post","type-post","status-publish","format-standard","has-post-thumbnail","","category-noticias"],"jetpack_sharing_enabled":true,"jetpack_featured_media_url":"https:\/\/mickyandoniehn.com\/radio\/wp-content\/uploads\/2022\/08\/salud-migrantes-v5pphL.jpeg","_links":{"self":[{"href":"https:\/\/mickyandoniehn.com\/radio\/wp-json\/wp\/v2\/posts\/25308","targetHints":{"allow":["GET"]}}],"collection":[{"href":"https:\/\/mickyandoniehn.com\/radio\/wp-json\/wp\/v2\/posts"}],"about":[{"href":"https:\/\/mickyandoniehn.com\/radio\/wp-json\/wp\/v2\/types\/post"}],"replies":[{"embeddable":true,"href":"https:\/\/mickyandoniehn.com\/radio\/wp-json\/wp\/v2\/comments?post=25308"}],"version-history":[{"count":0,"href":"https:\/\/mickyandoniehn.com\/radio\/wp-json\/wp\/v2\/posts\/25308\/revisions"}],"wp:featuredmedia":[{"embeddable":true,"href":"https:\/\/mickyandoniehn.com\/radio\/wp-json\/wp\/v2\/media\/25309"}],"wp:attachment":[{"href":"https:\/\/mickyandoniehn.com\/radio\/wp-json\/wp\/v2\/media?parent=25308"}],"wp:term":[{"taxonomy":"category","embeddable":true,"href":"https:\/\/mickyandoniehn.com\/radio\/wp-json\/wp\/v2\/categories?post=25308"},{"taxonomy":"post_tag","embeddable":true,"href":"https:\/\/mickyandoniehn.com\/radio\/wp-json\/wp\/v2\/tags?post=25308"}],"curies":[{"name":"wp","href":"https:\/\/api.w.org\/{rel}","templated":true}]}}