{"id":25232,"date":"2022-08-09T10:12:40","date_gmt":"2022-08-09T16:12:40","guid":{"rendered":"https:\/\/mickyandoniehn.com\/radio\/2022\/08\/09\/absuelven-a-kevin-solorzano\/"},"modified":"2022-08-09T10:12:40","modified_gmt":"2022-08-09T16:12:40","slug":"absuelven-a-kevin-solorzano","status":"publish","type":"post","link":"https:\/\/mickyandoniehn.com\/radio\/2022\/08\/09\/absuelven-a-kevin-solorzano\/","title":{"rendered":"\u00a1Absuelven a Kevin Sol\u00f3rzano!"},"content":{"rendered":"<p><strong>Tegucigalpa,Honduras martes 09 agosto 2022<\/strong><\/p>\n<\/p>\n<p class=\"has-text-align-justify\">La Sala II del Tribunal de Sentencia de la Corte Suprema de Justicia, determin\u00f3 absolver a Kevin Sol\u00f3rzano Hern\u00e1ndez de los cargos en su contra por la comisi\u00f3n de los delitos de asesinato y asesinato en su grado de ejecuci\u00f3n tentativa.<\/p>\n<p class=\"has-text-align-justify has-vivid-red-color has-text-color\"><strong><em>-Ocho a\u00f1os estuvo privado de libertad Kevin Sol\u00f3rzano por las acusaciones en su contra. <\/em><\/strong><\/p>\n<p class=\"has-text-align-justify\">\u00abSe determin\u00f3 que \u00e9l no se encontraba en el lugar donde ocurrieron los hechos\u00bb, manifest\u00f3 Carlos Silva, portavoz del Poder Judicial, tras conocerse el nuevo fallo absolutorio en la repetici\u00f3n del juicio <strong><a href=\"https:\/\/proceso.hn\/hoy-se-conocera-la-resolucion-de-repeticion-de-juicio-a-kevin-solorzano-2\/\">programada para este martes<\/a>. <\/strong><\/p>\n<p class=\"has-text-align-justify\">La Corte Suprema inform\u00f3 que por unanimidad de votos el Tribunal de Sentencia con Competencia Nacional dict\u00f3 el fallo para Sol\u00f3rzano Hern\u00e1ndez, quien era acusado de participar en el crimen contra exfiscal Edwin Eguigure en noviembre de 2014.<\/p>\n<p class=\"has-text-align-justify\">En ese sentido, el Tribunal de Sentencia en virtud del fallo absolutorio dado este d\u00eda, determina revocar las medidas para el ciudadano Kevin Sol\u00f3rzano Hern\u00e1ndez y agend\u00f3 la Audiencia de Lectura de Sentencia para el 16 de agosto.<\/p>\n<p class=\"has-text-align-justify\">La Fiscal\u00eda General de la Rep\u00fablica acus\u00f3 desde 2014 a Sol\u00f3rzano Hern\u00e1ndez de los delitos de asesinato en contra del exfiscal Edwin Eguigure y asesinato en su grado de ejecuci\u00f3n tentativa en perjuicio la esposa de la v\u00edctima, Mar\u00eda Auxiliadora Sierra.<\/p>\n<p class=\"has-text-align-justify\">El 28 de septiembre de 2017, el entonces universitario, fue\u00a0<strong><a href=\"http:\/\/proceso.hn\/condenan-a-33-anos-de-carcel-a-kevin-solorzano\/\">condenado a 33 a\u00f1os de prisi\u00f3n<\/a><\/strong>, sin embargo, el 8 octubre de 2020 la Sala de lo Penal del Poder Judicial, resolvi\u00f3 por mayor\u00eda de votos\u00a0<strong><a href=\"https:\/\/proceso.hn\/sala-penal-absuelve-a-kevin-solorzano-decision-ira-al-pleno-de-la-csj\/\">absolverlo de responsabilidad penal<\/a><\/strong>.<\/p>\n<p class=\"has-text-align-justify\">Adem\u00e1s el 07 abril de 2021, el pleno de magistrados de la CSJ\u00a0<strong><a href=\"https:\/\/proceso.hn\/pleno-de-la-cjs-ordena-repetir-el-juicio-a-kevin-solorzano\/\">orden\u00f3 la repetici\u00f3n del juicio oral<\/a><\/strong>,\u00a0mismo que finaliz\u00f3 el pasado 03 de agosto con la lectura de conclusiones de las partes procesales.<\/p>\n<p>Cabe recordar que la <strong><a href=\"https:\/\/proceso.hn\/asesinan-a-ex-fiscal-edwin-giovanni-eguigure-en-la-aldea-el-chimbo\/\">muerte del exfiscal Eguigure,<\/a> <\/strong>ocurri\u00f3 en noviembre de 2014 en la aldea El Chimbo, municipio de Santa Luc\u00eda, en la periferia de la capital hondure\u00f1a.<\/p>\n<p><strong>Fuente: Proceso Digital<\/strong><\/p>\n","protected":false},"excerpt":{"rendered":"<p>Tegucigalpa,Honduras martes 09 agosto 2022 La Sala II del Tribunal de Sentencia de la Corte Suprema de Justicia, determin\u00f3 absolver a Kevin Sol\u00f3rzano Hern\u00e1ndez de los cargos en su contra por la comisi\u00f3n de los delitos de asesinato y asesinato en su grado de ejecuci\u00f3n tentativa. -Ocho a\u00f1os estuvo privado de libertad Kevin Sol\u00f3rzano por &hellip;<\/p>\n","protected":false},"author":0,"featured_media":25233,"comment_status":"open","ping_status":"open","sticky":false,"template":"","format":"standard","meta":{"_jetpack_memberships_contains_paid_content":false,"footnotes":""},"categories":[5],"tags":[],"class_list":["post-25232","post","type-post","status-publish","format-standard","has-post-thumbnail","","category-noticias"],"jetpack_sharing_enabled":true,"jetpack_featured_media_url":"https:\/\/mickyandoniehn.com\/radio\/wp-content\/uploads\/2022\/08\/Kevin-Solorzano-sXHXfW.jpeg","_links":{"self":[{"href":"https:\/\/mickyandoniehn.com\/radio\/wp-json\/wp\/v2\/posts\/25232","targetHints":{"allow":["GET"]}}],"collection":[{"href":"https:\/\/mickyandoniehn.com\/radio\/wp-json\/wp\/v2\/posts"}],"about":[{"href":"https:\/\/mickyandoniehn.com\/radio\/wp-json\/wp\/v2\/types\/post"}],"replies":[{"embeddable":true,"href":"https:\/\/mickyandoniehn.com\/radio\/wp-json\/wp\/v2\/comments?post=25232"}],"version-history":[{"count":0,"href":"https:\/\/mickyandoniehn.com\/radio\/wp-json\/wp\/v2\/posts\/25232\/revisions"}],"wp:featuredmedia":[{"embeddable":true,"href":"https:\/\/mickyandoniehn.com\/radio\/wp-json\/wp\/v2\/media\/25233"}],"wp:attachment":[{"href":"https:\/\/mickyandoniehn.com\/radio\/wp-json\/wp\/v2\/media?parent=25232"}],"wp:term":[{"taxonomy":"category","embeddable":true,"href":"https:\/\/mickyandoniehn.com\/radio\/wp-json\/wp\/v2\/categories?post=25232"},{"taxonomy":"post_tag","embeddable":true,"href":"https:\/\/mickyandoniehn.com\/radio\/wp-json\/wp\/v2\/tags?post=25232"}],"curies":[{"name":"wp","href":"https:\/\/api.w.org\/{rel}","templated":true}]}}