{"id":25230,"date":"2022-08-09T10:12:39","date_gmt":"2022-08-09T16:12:39","guid":{"rendered":"https:\/\/mickyandoniehn.com\/radio\/2022\/08\/09\/tribunal-de-sentencia-dicta-fallo-absolutorio-para-kevin-solorzano\/"},"modified":"2022-08-09T10:12:39","modified_gmt":"2022-08-09T16:12:39","slug":"tribunal-de-sentencia-dicta-fallo-absolutorio-para-kevin-solorzano","status":"publish","type":"post","link":"https:\/\/mickyandoniehn.com\/radio\/2022\/08\/09\/tribunal-de-sentencia-dicta-fallo-absolutorio-para-kevin-solorzano\/","title":{"rendered":"Tribunal de Sentencia dicta fallo absolutorio para Kevin Sol\u00f3rzano"},"content":{"rendered":"<p><strong>Tegucigalpa,Honduras martes 09 agosto 2022<\/strong><\/p>\n<\/p>\n<p><span class=\"css-901oao css-16my406 r-poiln3 r-bcqeeo r-qvutc0\">Por unanimidad de votos el <\/span><span class=\"r-18u37iz\">Tribunal de Sentencia Nacional<\/span><span class=\"css-901oao css-16my406 r-poiln3 r-bcqeeo r-qvutc0\"> dict\u00f3 este martes fallo absolutorio para Kevin Sol\u00f3rzano Hern\u00e1ndez quien era acusado de asesinato y asesinato en su grado de ejecuci\u00f3n de tentativa.<\/span><\/p>\n<p>El portavoz del Poder Judicial, Carlos Silva dijo que \u201cse determin\u00f3 que \u00e9l no se encontraba en el lugar donde ocurrieron los hechos\u201d.<\/p>\n<p>Silva inform\u00f3 que por unanimidad de votos el Tribunal de Sentencia con Competencia Nacional dict\u00f3 el fallo absolutorio para Sol\u00f3rzano Hern\u00e1ndez quien era acusado de participar en el crimen contra exfiscal Edwin Eguigure en noviembre de 2014.<\/p>\n<p>Al tiempo que el Tribunal determin\u00f3 revocar las medidas para Sol\u00f3rzano y program\u00f3 la Audiencia de Lectura de Sentencia para el 16 de agosto.<\/p>\n<p><strong>Fuente: La Tribuna<\/strong><\/p>\n","protected":false},"excerpt":{"rendered":"<p>Tegucigalpa,Honduras martes 09 agosto 2022 Por unanimidad de votos el Tribunal de Sentencia Nacional dict\u00f3 este martes fallo absolutorio para Kevin Sol\u00f3rzano Hern\u00e1ndez quien era acusado de asesinato y asesinato en su grado de ejecuci\u00f3n de tentativa. El portavoz del Poder Judicial, Carlos Silva dijo que \u201cse determin\u00f3 que \u00e9l no se encontraba en el &hellip;<\/p>\n","protected":false},"author":0,"featured_media":25231,"comment_status":"open","ping_status":"open","sticky":false,"template":"","format":"standard","meta":{"_jetpack_memberships_contains_paid_content":false,"footnotes":""},"categories":[5],"tags":[],"class_list":["post-25230","post","type-post","status-publish","format-standard","has-post-thumbnail","","category-noticias"],"jetpack_sharing_enabled":true,"jetpack_featured_media_url":"https:\/\/mickyandoniehn.com\/radio\/wp-content\/uploads\/2022\/08\/Kevin-solorsano-IxH1SZ.jpeg","_links":{"self":[{"href":"https:\/\/mickyandoniehn.com\/radio\/wp-json\/wp\/v2\/posts\/25230","targetHints":{"allow":["GET"]}}],"collection":[{"href":"https:\/\/mickyandoniehn.com\/radio\/wp-json\/wp\/v2\/posts"}],"about":[{"href":"https:\/\/mickyandoniehn.com\/radio\/wp-json\/wp\/v2\/types\/post"}],"replies":[{"embeddable":true,"href":"https:\/\/mickyandoniehn.com\/radio\/wp-json\/wp\/v2\/comments?post=25230"}],"version-history":[{"count":0,"href":"https:\/\/mickyandoniehn.com\/radio\/wp-json\/wp\/v2\/posts\/25230\/revisions"}],"wp:featuredmedia":[{"embeddable":true,"href":"https:\/\/mickyandoniehn.com\/radio\/wp-json\/wp\/v2\/media\/25231"}],"wp:attachment":[{"href":"https:\/\/mickyandoniehn.com\/radio\/wp-json\/wp\/v2\/media?parent=25230"}],"wp:term":[{"taxonomy":"category","embeddable":true,"href":"https:\/\/mickyandoniehn.com\/radio\/wp-json\/wp\/v2\/categories?post=25230"},{"taxonomy":"post_tag","embeddable":true,"href":"https:\/\/mickyandoniehn.com\/radio\/wp-json\/wp\/v2\/tags?post=25230"}],"curies":[{"name":"wp","href":"https:\/\/api.w.org\/{rel}","templated":true}]}}