{"id":25178,"date":"2022-08-09T08:12:39","date_gmt":"2022-08-09T14:12:39","guid":{"rendered":"https:\/\/mickyandoniehn.com\/radio\/2022\/08\/09\/pequena-laguna-el-gran-refugio-de-aves-silvestres-en-san-diego\/"},"modified":"2022-08-09T08:12:39","modified_gmt":"2022-08-09T14:12:39","slug":"pequena-laguna-el-gran-refugio-de-aves-silvestres-en-san-diego","status":"publish","type":"post","link":"https:\/\/mickyandoniehn.com\/radio\/2022\/08\/09\/pequena-laguna-el-gran-refugio-de-aves-silvestres-en-san-diego\/","title":{"rendered":"Peque\u00f1a laguna el gran refugio de aves silvestres en San Diego"},"content":{"rendered":"<p><strong>Tegucigalpa,Honduras martes 09 agosto 2022<\/strong><\/p>\n<\/p>\n<p>Danzando con elegancia vuelan entre nubes y el cielo azul, con trinar de algarab\u00eda descienden a la laguna de la Finca San Diego, un refugio que con el paso de los a\u00f1os se ha convertido en el santuario de aves silvestres nativas y migratorias.<\/p>\n<p>Ubicada en la aldea de San Diego, a 15 minutos de Danl\u00ed, en la carretera que conduce al Valle de Jamastr\u00e1n, la Finca San Diego, propiedad de Jos\u00e9 David y Alexis Rodr\u00edguez, quienes desde hace 10 a\u00f1os vienen protegiendo las aves, de las cuales unas especies est\u00e1n amenazadas y otras est\u00e1n en peligro de extinci\u00f3n.<\/p>\n<p>\u201cAntes de adquirir esta propiedad, tenemos entendido que los cazadores entraban a matar las aves y por eso en la laguna era raro ver uno que otro \u201cpiche\u201d (pato), Cuando nosotros compramos la finca hace 10 a\u00f1os decidimos prohibir la cacer\u00eda y hoy nos da alegr\u00eda ver la variedad de especies de aves que llegan a la laguna y que les est\u00e1 sirviendo de refugio y procreaci\u00f3n\u201d. Informaron los hermanos Rodr\u00edguez.<\/p>\n<p>El ornit\u00f3logo Gilberto Flores Walter, de la Asociaci\u00f3n Hondure\u00f1a de Ornitolog\u00eda y fundador del club de Observaci\u00f3n de Aves Los Alzacuanes, \u201cnos alegra que los hermanos Rodr\u00edguez propietarios de la Finca San Diego, protejan la fauna silvestre, esta es una reflexi\u00f3n a los hacendados que manifiestan que al ser due\u00f1os de su tierra les da el derecho de arrasar con los recursos naturales; esto es una forma err\u00f3nea de pensar ya que al final la naturaleza les pasa factura\u201d. Concluy\u00f3 Flores Walter.<\/p>\n<div class=\"fs-dynamic\">\n<div>\n<div>\n<div class=\"__fs-ancillary\">\n<div class=\"__fs-branding\"><\/div>\n<\/div>\n<\/div>\n<\/div>\n<\/div>\n<p>Son pocos los propietarios de haciendas y fincas que protegen la vida Silvestre y su h\u00e1bitat, pero dan una luz de esperanza y hacen un llamado para crear conciencia y salvar nuestra flora y fauna ya que muchas especies se est\u00e1n extinguiendo sin haberse investigado de forma cient\u00edficamente.<\/p>\n<p><strong>Fuente: La Tribuna<\/strong><\/p>\n","protected":false},"excerpt":{"rendered":"<p>Tegucigalpa,Honduras martes 09 agosto 2022 Danzando con elegancia vuelan entre nubes y el cielo azul, con trinar de algarab\u00eda descienden a la laguna de la Finca San Diego, un refugio que con el paso de los a\u00f1os se ha convertido en el santuario de aves silvestres nativas y migratorias. Ubicada en la aldea de San &hellip;<\/p>\n","protected":false},"author":0,"featured_media":25179,"comment_status":"open","ping_status":"open","sticky":false,"template":"","format":"standard","meta":{"_jetpack_memberships_contains_paid_content":false,"footnotes":""},"categories":[5],"tags":[],"class_list":["post-25178","post","type-post","status-publish","format-standard","has-post-thumbnail","","category-noticias"],"jetpack_sharing_enabled":true,"jetpack_featured_media_url":"https:\/\/mickyandoniehn.com\/radio\/wp-content\/uploads\/2022\/08\/LAS-AVES-1-1-Hyuf3V.jpeg","_links":{"self":[{"href":"https:\/\/mickyandoniehn.com\/radio\/wp-json\/wp\/v2\/posts\/25178","targetHints":{"allow":["GET"]}}],"collection":[{"href":"https:\/\/mickyandoniehn.com\/radio\/wp-json\/wp\/v2\/posts"}],"about":[{"href":"https:\/\/mickyandoniehn.com\/radio\/wp-json\/wp\/v2\/types\/post"}],"replies":[{"embeddable":true,"href":"https:\/\/mickyandoniehn.com\/radio\/wp-json\/wp\/v2\/comments?post=25178"}],"version-history":[{"count":0,"href":"https:\/\/mickyandoniehn.com\/radio\/wp-json\/wp\/v2\/posts\/25178\/revisions"}],"wp:featuredmedia":[{"embeddable":true,"href":"https:\/\/mickyandoniehn.com\/radio\/wp-json\/wp\/v2\/media\/25179"}],"wp:attachment":[{"href":"https:\/\/mickyandoniehn.com\/radio\/wp-json\/wp\/v2\/media?parent=25178"}],"wp:term":[{"taxonomy":"category","embeddable":true,"href":"https:\/\/mickyandoniehn.com\/radio\/wp-json\/wp\/v2\/categories?post=25178"},{"taxonomy":"post_tag","embeddable":true,"href":"https:\/\/mickyandoniehn.com\/radio\/wp-json\/wp\/v2\/tags?post=25178"}],"curies":[{"name":"wp","href":"https:\/\/api.w.org\/{rel}","templated":true}]}}