{"id":25176,"date":"2022-08-09T08:12:38","date_gmt":"2022-08-09T14:12:38","guid":{"rendered":"https:\/\/mickyandoniehn.com\/radio\/2022\/08\/09\/en-cortes-productores-diversificaran-sus-cultivos-con-aguacate-antillano\/"},"modified":"2022-08-09T08:12:38","modified_gmt":"2022-08-09T14:12:38","slug":"en-cortes-productores-diversificaran-sus-cultivos-con-aguacate-antillano","status":"publish","type":"post","link":"https:\/\/mickyandoniehn.com\/radio\/2022\/08\/09\/en-cortes-productores-diversificaran-sus-cultivos-con-aguacate-antillano\/","title":{"rendered":"En Cort\u00e9s: Productores diversificar\u00e1n sus cultivos con aguacate antillano"},"content":{"rendered":"<p><strong>Tegucigalpa,Honduras martes 09 agosto 2022<\/strong><\/p>\n<\/p>\n<p>Los productores del municipio de Omoa, departamento de Cort\u00e9s, diversificar\u00e1n sus fincas con \u00e1rboles frutales, considerando como alternativa de producci\u00f3n el cultivo de aguacate antillano.<\/p>\n<p>Ante lo descrito, los t\u00e9cnicos de la Direcci\u00f3n de Ciencia y Tecnolog\u00eda Agropecuaria (Dicta), de la Secretar\u00eda de Agricultura y Ganader\u00eda (SAG), con el apoyo de la Misi\u00f3n T\u00e9cnica de la Rep\u00fablica de China-Taiw\u00e1n, realizaron un d\u00eda de campo sobre el cultivo de aguacate a los productores de la zona norte del pa\u00eds.<\/p>\n<p>Roney Mart\u00ednez, t\u00e9cnico especialista en el cultivo de aguacate de la SAG-Dicta, expres\u00f3 que \u201cse han capacitado m\u00e1s de 30 productores que ya est\u00e1n organizados y qui\u00e9nes han adquirido 1,000 plantas de aguacate del vivero en la estaci\u00f3n \u201cLa Tabacalera\u201d en el departamento de Comayagua\u201d.<\/p>\n<p>Mart\u00ednez destac\u00f3 que \u201cla capacitaci\u00f3n impartida se facilit\u00f3 a trav\u00e9s del Proyecto de Ampliaci\u00f3n de Reproducci\u00f3n de Pl\u00e1ntulas de Aguacate en Honduras, con la metodolog\u00eda sobre la siembra y el manejo de plagas y enfermedades en el cultivo\u201d.<\/p>\n<p>Los productores capacitados se dedican a la producci\u00f3n de granos b\u00e1sicos, y su inter\u00e9s es diversificar con el cultivo de aguacate, por lo que esperan continuar con la ampliaci\u00f3n del rubro con las variedades antillanas en el departamento de Cort\u00e9s.<\/p>\n<p>Con la capacitaci\u00f3n a los productores, el gobierno de la presidente, Xiomara Castro, busca un efecto multiplicador para llevar tecnolog\u00edas, asistencia t\u00e9cnica, a fin de fomentar la producci\u00f3n agr\u00edcola en el pa\u00eds.<\/p>\n<p><strong>Fuente: La Tribuna<\/strong><\/p>\n","protected":false},"excerpt":{"rendered":"<p>Tegucigalpa,Honduras martes 09 agosto 2022 Los productores del municipio de Omoa, departamento de Cort\u00e9s, diversificar\u00e1n sus fincas con \u00e1rboles frutales, considerando como alternativa de producci\u00f3n el cultivo de aguacate antillano. Ante lo descrito, los t\u00e9cnicos de la Direcci\u00f3n de Ciencia y Tecnolog\u00eda Agropecuaria (Dicta), de la Secretar\u00eda de Agricultura y Ganader\u00eda (SAG), con el apoyo &hellip;<\/p>\n","protected":false},"author":0,"featured_media":25177,"comment_status":"open","ping_status":"open","sticky":false,"template":"","format":"standard","meta":{"_jetpack_memberships_contains_paid_content":false,"footnotes":""},"categories":[5],"tags":[],"class_list":["post-25176","post","type-post","status-publish","format-standard","has-post-thumbnail","","category-noticias"],"jetpack_sharing_enabled":true,"jetpack_featured_media_url":"https:\/\/mickyandoniehn.com\/radio\/wp-content\/uploads\/2022\/08\/aguacate-cortes-tW2MH6.jpeg","_links":{"self":[{"href":"https:\/\/mickyandoniehn.com\/radio\/wp-json\/wp\/v2\/posts\/25176","targetHints":{"allow":["GET"]}}],"collection":[{"href":"https:\/\/mickyandoniehn.com\/radio\/wp-json\/wp\/v2\/posts"}],"about":[{"href":"https:\/\/mickyandoniehn.com\/radio\/wp-json\/wp\/v2\/types\/post"}],"replies":[{"embeddable":true,"href":"https:\/\/mickyandoniehn.com\/radio\/wp-json\/wp\/v2\/comments?post=25176"}],"version-history":[{"count":0,"href":"https:\/\/mickyandoniehn.com\/radio\/wp-json\/wp\/v2\/posts\/25176\/revisions"}],"wp:featuredmedia":[{"embeddable":true,"href":"https:\/\/mickyandoniehn.com\/radio\/wp-json\/wp\/v2\/media\/25177"}],"wp:attachment":[{"href":"https:\/\/mickyandoniehn.com\/radio\/wp-json\/wp\/v2\/media?parent=25176"}],"wp:term":[{"taxonomy":"category","embeddable":true,"href":"https:\/\/mickyandoniehn.com\/radio\/wp-json\/wp\/v2\/categories?post=25176"},{"taxonomy":"post_tag","embeddable":true,"href":"https:\/\/mickyandoniehn.com\/radio\/wp-json\/wp\/v2\/tags?post=25176"}],"curies":[{"name":"wp","href":"https:\/\/api.w.org\/{rel}","templated":true}]}}