{"id":25170,"date":"2022-08-09T08:12:36","date_gmt":"2022-08-09T14:12:36","guid":{"rendered":"https:\/\/mickyandoniehn.com\/radio\/2022\/08\/09\/presidente-de-samsung-latinoamerica-se-reune-con-secretario-presidencial-de-honduras\/"},"modified":"2022-08-09T08:12:36","modified_gmt":"2022-08-09T14:12:36","slug":"presidente-de-samsung-latinoamerica-se-reune-con-secretario-presidencial-de-honduras","status":"publish","type":"post","link":"https:\/\/mickyandoniehn.com\/radio\/2022\/08\/09\/presidente-de-samsung-latinoamerica-se-reune-con-secretario-presidencial-de-honduras\/","title":{"rendered":"Presidente de Samsung Latinoam\u00e9rica se re\u00fane con secretario presidencial de Honduras"},"content":{"rendered":"<p><strong>Tegucigalpa,Honduras martes 09 agosto 2022<\/strong><\/p>\n<\/p>\n<p>El presidente de Samsung Latinoam\u00e9rica, Hong Sang Jo, fue recibido por el secretario privado de la Presidencia de Honduras, se\u00f1or H\u00e9ctor Manuel Zelaya Castro, en un encuentro amistoso con el fin de discutir proyectos educativos y promover la candidatura de la ciudad surcoreana de Busan para ser la sede de la Expo 2030, feria mundial que se celebra cada 5 a\u00f1os y que atrae millones de visitantes durante los 6 meses de duraci\u00f3n.<\/p>\n<p>En la reuni\u00f3n se habl\u00f3 de las s\u00f3lidas relaciones de la empresa surcoreana en Honduras, que datan de 2012, cuando Samsung inici\u00f3 operaciones en el pa\u00eds, y donde desde 2014 se han implementado los programas de Ciudadan\u00eda Corporativa, enfocados en especial al \u00e1rea educativa.<\/p>\n<p>Entre estos programas destacan el concurso Solve for Tomorrow, en el que han participado m\u00e1s de 1,600 estudiantes y profesores de 545 escuelas p\u00fablicas la naci\u00f3n, con el respaldo y apoyo del Ministerio de Educaci\u00f3n de Honduras.<\/p>\n<p><a href=\"https:\/\/hondudiario.com\/wp-content\/uploads\/2022\/07\/IMG_20220719_204627_232.webp\"><br \/>\nEl encuentro amistoso tambi\u00e9n sirvi\u00f3 para conversar sobre la candidatura de la ciudad surcoreana de Busan para la Expo 2030, que tendr\u00e1 el acento en las nuevas tecnolog\u00edas que se desarrollan en Corea para combatir el cambio clim\u00e1tico y que tendr\u00edan un rol central en el evento.<\/a><\/p>\n<p><a href=\"https:\/\/hondudiario.com\/wp-content\/uploads\/2022\/07\/IMG_20220719_204627_232.webp\">La Expo 2030 es una feria mundial propuesta para celebrarse en el a\u00f1o 2030. En ella se re\u00fane a expositores globales para mostrar las tendencias en la industria de la tecnolog\u00eda, las artes y el comercio. Adem\u00e1s se tratar\u00e1n problemas sociales que afectan al mundo entero como el cambio clim\u00e1tico, la brecha digital y la desigualdad, pero sobre todo, proyectos de desarrollo de nuevas tecnolog\u00edas.<\/a><\/p>\n<p><a href=\"https:\/\/hondudiario.com\/wp-content\/uploads\/2022\/07\/IMG_20220719_204627_232.webp\">Fortaleciendo relaciones<\/a><\/p>\n<p><a href=\"https:\/\/hondudiario.com\/wp-content\/uploads\/2022\/07\/IMG_20220719_204627_232.webp\">Este vendr\u00eda a ser el segundo encuentro entre las autoridades hondure\u00f1as y la corporaci\u00f3n surcoreana. A principios del mes de julio, el presidente corporativo de Samsung, Jae Seung, recibi\u00f3 en la sede de la compa\u00f1\u00eda en Suwon, Corea, al Ministro de Relaciones Exteriores de Honduras, Eduardo Reina, donde conversaron sobre planes estrat\u00e9gicos y para dar a conocer las principales actividades de la empresa de tecnolog\u00eda.<\/a><\/p>\n<p><strong>Fuente: La Tribuna<\/strong><\/p>\n","protected":false},"excerpt":{"rendered":"<p>Tegucigalpa,Honduras martes 09 agosto 2022 El presidente de Samsung Latinoam\u00e9rica, Hong Sang Jo, fue recibido por el secretario privado de la Presidencia de Honduras, se\u00f1or H\u00e9ctor Manuel Zelaya Castro, en un encuentro amistoso con el fin de discutir proyectos educativos y promover la candidatura de la ciudad surcoreana de Busan para ser la sede de &hellip;<\/p>\n","protected":false},"author":0,"featured_media":25171,"comment_status":"open","ping_status":"open","sticky":false,"template":"","format":"standard","meta":{"_jetpack_memberships_contains_paid_content":false,"footnotes":""},"categories":[5],"tags":[],"class_list":["post-25170","post","type-post","status-publish","format-standard","has-post-thumbnail","","category-noticias"],"jetpack_sharing_enabled":true,"jetpack_featured_media_url":"https:\/\/mickyandoniehn.com\/radio\/wp-content\/uploads\/2022\/08\/Unknown-49-2KBe3C.jpeg","_links":{"self":[{"href":"https:\/\/mickyandoniehn.com\/radio\/wp-json\/wp\/v2\/posts\/25170","targetHints":{"allow":["GET"]}}],"collection":[{"href":"https:\/\/mickyandoniehn.com\/radio\/wp-json\/wp\/v2\/posts"}],"about":[{"href":"https:\/\/mickyandoniehn.com\/radio\/wp-json\/wp\/v2\/types\/post"}],"replies":[{"embeddable":true,"href":"https:\/\/mickyandoniehn.com\/radio\/wp-json\/wp\/v2\/comments?post=25170"}],"version-history":[{"count":0,"href":"https:\/\/mickyandoniehn.com\/radio\/wp-json\/wp\/v2\/posts\/25170\/revisions"}],"wp:featuredmedia":[{"embeddable":true,"href":"https:\/\/mickyandoniehn.com\/radio\/wp-json\/wp\/v2\/media\/25171"}],"wp:attachment":[{"href":"https:\/\/mickyandoniehn.com\/radio\/wp-json\/wp\/v2\/media?parent=25170"}],"wp:term":[{"taxonomy":"category","embeddable":true,"href":"https:\/\/mickyandoniehn.com\/radio\/wp-json\/wp\/v2\/categories?post=25170"},{"taxonomy":"post_tag","embeddable":true,"href":"https:\/\/mickyandoniehn.com\/radio\/wp-json\/wp\/v2\/tags?post=25170"}],"curies":[{"name":"wp","href":"https:\/\/api.w.org\/{rel}","templated":true}]}}