{"id":25108,"date":"2022-08-09T07:12:57","date_gmt":"2022-08-09T13:12:57","guid":{"rendered":"https:\/\/mickyandoniehn.com\/radio\/2022\/08\/09\/la-historia-del-mundo-y-honduras-586\/"},"modified":"2022-08-09T07:12:57","modified_gmt":"2022-08-09T13:12:57","slug":"la-historia-del-mundo-y-honduras-586","status":"publish","type":"post","link":"https:\/\/mickyandoniehn.com\/radio\/2022\/08\/09\/la-historia-del-mundo-y-honduras-586\/","title":{"rendered":"La Historia del Mundo y Honduras"},"content":{"rendered":"<\/p>\n<p>09.AGO.0117<br \/>\nFallece el emperador Trajano<\/p>\n<p>El emperador n\u00famero trece del Imperio Romano, Trajano, falleci\u00f3 de una apoplej\u00eda en la ciudad de Selinus, un d\u00eda como hoy en el a\u00f1o 117 DC. Antiguo comandante de la armada, senador y gobernante de la Alta Alemania, Trajano fue nombrado emperador de Roma debido a su destreza militar, inteligencia y educaci\u00f3n. Fue el primer emperador nacido fuera de Italia (naci\u00f3 en el sur de Espa\u00f1a). En Roma, Trajano fue igualmente efectivo como soberano. Busc\u00f3 oficiales honestos y competentes para gobernar las provincias. Abord\u00f3 a la armada justamente, pero de manera estricta, al castigar a la Guardia Pretoriana que hab\u00eda desafiado a su predecesor, el emperador romano Nerva. A Trajano se lo conoc\u00eda por su programa de caridad y obras p\u00fablicas. Comenz\u00f3 un impresionante programa de obras p\u00fablicas construyendo puentes, puertos y acueductos que mejorar\u00edan la infraestructura de Roma y proporcionar\u00edan empleo a sus ciudadanos. Se lo conoc\u00eda por ser muy generoso con la poblaci\u00f3n de Roma, entregando dinero y granos de forma gratuita a los pobres de Roma. A su vez, Trajano cre\u00f3 un nuevo programa de bienestar social para los ni\u00f1os pobres, lo que provoc\u00f3 el elogio del estadista y autor Plinio el Joven. Trajano falleci\u00f3 en el a\u00f1o 117 DC en Selinus, Sicilia, en la actualidad Turqu\u00eda, debido a una apoplej\u00eda. Ten\u00eda 63 a\u00f1os. Se lo recuerda como el extra\u00f1o emperador romano cuya reputaci\u00f3n era tan s\u00f3lida como el d\u00eda que asumi\u00f3 el poder y que expandi\u00f3 en la mayor medida el Imperio Romano.<\/p>\n<div class=\"hstEntry__tags\"><\/div>\n<p>\u00a0<\/p>\n","protected":false},"excerpt":{"rendered":"<p>09.AGO.0117 Fallece el emperador Trajano El emperador n\u00famero trece del Imperio Romano, Trajano, falleci\u00f3 de una apoplej\u00eda en la ciudad de Selinus, un d\u00eda como hoy en el a\u00f1o 117 DC. Antiguo comandante de la armada, senador y gobernante de la Alta Alemania, Trajano fue nombrado emperador de Roma debido a su destreza militar, inteligencia &hellip;<\/p>\n","protected":false},"author":0,"featured_media":25109,"comment_status":"open","ping_status":"open","sticky":false,"template":"","format":"standard","meta":{"_jetpack_memberships_contains_paid_content":false,"footnotes":""},"categories":[5],"tags":[],"class_list":["post-25108","post","type-post","status-publish","format-standard","has-post-thumbnail","","category-noticias"],"jetpack_sharing_enabled":true,"jetpack_featured_media_url":"https:\/\/mickyandoniehn.com\/radio\/wp-content\/uploads\/2022\/08\/09-de-Agosto-0117-Fallece-el-emperador-Trajano-M7qet9.jpeg","_links":{"self":[{"href":"https:\/\/mickyandoniehn.com\/radio\/wp-json\/wp\/v2\/posts\/25108","targetHints":{"allow":["GET"]}}],"collection":[{"href":"https:\/\/mickyandoniehn.com\/radio\/wp-json\/wp\/v2\/posts"}],"about":[{"href":"https:\/\/mickyandoniehn.com\/radio\/wp-json\/wp\/v2\/types\/post"}],"replies":[{"embeddable":true,"href":"https:\/\/mickyandoniehn.com\/radio\/wp-json\/wp\/v2\/comments?post=25108"}],"version-history":[{"count":0,"href":"https:\/\/mickyandoniehn.com\/radio\/wp-json\/wp\/v2\/posts\/25108\/revisions"}],"wp:featuredmedia":[{"embeddable":true,"href":"https:\/\/mickyandoniehn.com\/radio\/wp-json\/wp\/v2\/media\/25109"}],"wp:attachment":[{"href":"https:\/\/mickyandoniehn.com\/radio\/wp-json\/wp\/v2\/media?parent=25108"}],"wp:term":[{"taxonomy":"category","embeddable":true,"href":"https:\/\/mickyandoniehn.com\/radio\/wp-json\/wp\/v2\/categories?post=25108"},{"taxonomy":"post_tag","embeddable":true,"href":"https:\/\/mickyandoniehn.com\/radio\/wp-json\/wp\/v2\/tags?post=25108"}],"curies":[{"name":"wp","href":"https:\/\/api.w.org\/{rel}","templated":true}]}}