{"id":24718,"date":"2024-02-20T08:41:22","date_gmt":"2024-02-20T14:41:22","guid":{"rendered":"https:\/\/mickyandoniehn.com\/radio\/?p=24718"},"modified":"2024-01-30T09:33:09","modified_gmt":"2024-01-30T15:33:09","slug":"juan-vicente-torrealba","status":"publish","type":"post","link":"https:\/\/mickyandoniehn.com\/radio\/2024\/02\/20\/juan-vicente-torrealba\/","title":{"rendered":"Juan Vicente Torrealba"},"content":{"rendered":"<p style=\"text-align: justify;\"><img loading=\"lazy\" decoding=\"async\" class=\" wp-image-67165 aligncenter\" src=\"http:\/\/mickyandoniehn.com\/radio\/wp-content\/uploads\/2023\/02\/Juan-Vicente-Torrealba-300x200.jpg\" alt=\"\" width=\"425\" height=\"283\" srcset=\"https:\/\/mickyandoniehn.com\/radio\/wp-content\/uploads\/2023\/02\/Juan-Vicente-Torrealba-300x200.jpg 300w, https:\/\/mickyandoniehn.com\/radio\/wp-content\/uploads\/2023\/02\/Juan-Vicente-Torrealba-310x205.jpg 310w, https:\/\/mickyandoniehn.com\/radio\/wp-content\/uploads\/2023\/02\/Juan-Vicente-Torrealba.jpg 728w\" sizes=\"auto, (max-width: 425px) 100vw, 425px\" \/><\/p>\n<p>&nbsp;<\/p>\n<div class=\"cxmmr5t8 oygrvhab hcukyx3x c1et5uql o9v6fnle\" style=\"text-align: justify;\">\n<div dir=\"auto\"><strong>Fecha de Nacimiento:<\/strong> 20 de febrero de 1917<\/div>\n<p>&nbsp;<\/p>\n<div dir=\"auto\"><\/div>\n<div dir=\"auto\"><strong>Fecha de Fallecimiento:<\/strong> 2 de mayo de 2019<\/div>\n<p>&nbsp;<\/p>\n<div dir=\"auto\"><\/div>\n<\/div>\n<div class=\"cxmmr5t8 oygrvhab hcukyx3x c1et5uql o9v6fnle\" style=\"text-align: justify;\">\n<div dir=\"auto\"><strong>Biograf\u00eda<\/strong><\/div>\n<p>&nbsp;<\/p>\n<div dir=\"auto\"><\/div>\n<div dir=\"auto\">Fue el tercer hijo del matrimonio de Santana Torrealba Silva y Mar\u00eda Esperanza P\u00e9rez, nacido en la esquina de Rosario en Caracas, para ese entonces, una zona rodeada de haciendas y en las inmediaciones del Nuevo Circo de Caracas. Su ni\u00f1ez y adolescencia transcurrieron en el hato de su familia llamado Banco Largo, cercano a la poblaci\u00f3n de Camagu\u00e1n (Estado Gu\u00e1rico). All\u00ed desempe\u00f1\u00f3 diversas labores propias de los obreros de la hacienda y, debido a la falta de tiempo, nunca pudo cursar formalmente la educaci\u00f3n primaria. Como an\u00e9cdota de su adolescencia, cabe destacar que conoci\u00f3 y convers\u00f3 varias veces con el dictador Juan Vicente G\u00f3mez. Es durante este per\u00edodo que nacieron sus inquietudes musicales y aprendi\u00f3 a tocar la guitarra, adem\u00e1s de recibir algunas nociones b\u00e1sicas de arpa. A los 18 a\u00f1os de edad, realiz\u00f3 su primera presentaci\u00f3n como guitarrista en el pueblo La Uni\u00f3n (Estado Barinas) tocando la melod\u00eda Cuidadito Compay Gallo del compositor cubano \u00d1ico Saquito.<\/div>\n<p>&nbsp;<\/p>\n<div dir=\"auto\"><\/div>\n<\/div>\n<div class=\"cxmmr5t8 oygrvhab hcukyx3x c1et5uql o9v6fnle\" style=\"text-align: justify;\">\n<div dir=\"auto\">Buscando otros horizontes, Juan Vicente Torrealba volvi\u00f3 a Caracas en 1948 y, a pesar de que solo sab\u00eda escribir y leer por haber acudido a la escuela hasta el quinto grado de educaci\u00f3n primaria, se emple\u00f3 como fiscal de una empresa l\u00e1ctea. Comenz\u00f3 a presentarse en la emisora de radio estatal Radio Nacional de Venezuela como ejecutante de guitarra, tocando m\u00fasica venezolana y conoci\u00f3 a la relacionista p\u00fablico de la emisora, la compositora y concertista de piano Mar\u00eda Luisa Escobar. Ella aconsej\u00f3 al \u00abProfesor Torrealba\u00bb, como sol\u00eda llamarlo, para que diera a conocer su m\u00fasica. Para ello, le regal\u00f3 un disco maestro en blanco de 12 pulgadas, de los que sol\u00edan usar las emisoras de radio en esa \u00e9poca para grabar programas o discos comerciales y dio la orden para que en la noche de ese d\u00eda, el estudio de la estaci\u00f3n fuese habilitado para que el joven Torrealba realizar\u00e1 su primera sesi\u00f3n de grabaci\u00f3n. Convoc\u00f3 entonces a su hijo Santana Torrealba Le\u00f3n, de 7 a\u00f1os y a su hermano Arturo Torrealba P\u00e9rez para tocar las maracas y el cuatro venezolano respectivamente. Al concluir las grabaciones, Torrealba escuch\u00f3 repetidamente el disco terminado en su residencia, hasta horas de la madrugada. Este hecho dar\u00eda origen al conjunto del int\u00e9rprete denominado &#8220;Los Torrealberos&#8221;.<\/div>\n<p>&nbsp;<\/p>\n<div dir=\"auto\"><\/div>\n<\/div>\n<div class=\"cxmmr5t8 oygrvhab hcukyx3x c1et5uql o9v6fnle\" style=\"text-align: justify;\">\n<div dir=\"auto\"><strong>Wikipedia in English<\/strong><\/div>\n<p>&nbsp;<\/p>\n<div dir=\"auto\"><\/div>\n<\/div>\n<div class=\"cxmmr5t8 oygrvhab hcukyx3x c1et5uql o9v6fnle\" style=\"text-align: justify;\">\n<div dir=\"auto\"><strong>Date of Birth:<\/strong> February 20, 1917<\/div>\n<p>&nbsp;<\/p>\n<div dir=\"auto\"><\/div>\n<div dir=\"auto\"><strong>Date of Died:<\/strong> May 2, 2019<\/div>\n<p>&nbsp;<\/p>\n<div dir=\"auto\"><\/div>\n<\/div>\n<div class=\"cxmmr5t8 oygrvhab hcukyx3x c1et5uql o9v6fnle\" style=\"text-align: justify;\">\n<div dir=\"auto\"><strong>Biography<\/strong><\/div>\n<p>&nbsp;<\/p>\n<div dir=\"auto\"><\/div>\n<div dir=\"auto\">He was the third son of the marriage of Santana Torrealba Silva and Mar\u00eda Esperanza P\u00e9rez, born on the corner of Rosario in Caracas, at that time, an area surrounded by haciendas and in the vicinity of the New Circus of Caracas. His childhood and adolescence were spent in his family&#8217;s herd called Banco Largo, near the town of Camagu\u00e1n (Gu\u00e1rico State). There he performed various tasks typical of farm workers and, due to lack of time, he was never able to formally attend primary school. As an anecdote from his adolescence, it should be noted that he met and spoke several times with the dictator Juan Vicente G\u00f3mez. It is during this period that his musical concerns were born and he learned to play the guitar, in addition to receiving some basic notions of the harp. At 18 years of age, he made his first appearance as a guitarist in the town of La Uni\u00f3n (State of Barinas) playing the melody Cuidadito Compay Gallo by the Cuban composer \u00d1ico Saquito.<\/div>\n<p>&nbsp;<\/p>\n<div dir=\"auto\"><\/div>\n<\/div>\n<div class=\"cxmmr5t8 oygrvhab hcukyx3x c1et5uql o9v6fnle\" style=\"text-align: justify;\">\n<div dir=\"auto\">Seeking other horizons, Juan Vicente Torrealba returned to Caracas in 1948 and, despite the fact that he only knew how to write and read for having attended school up to the fifth grade of primary education, he was employed as a prosecutor for a dairy company. He began to appear on the state radio station Radio Nacional de Venezuela as a guitar player, playing Venezuelan music and met the station&#8217;s public relations officer, the composer and piano soloist Mar\u00eda Luisa Escobar. She advised &#8220;Professor Torrealba&#8221;, as she used to call him, to make his music known. To do this, he gave him a blank 12-inch master disc, one of those that radio stations used to use at that time to record programs or commercial discs, and gave the order that on the night of that day, the station&#8217;s studio was enabled for the young Torrealba to make his first recording session. She then summoned his son Santana Torrealba Le\u00f3n, 7 years old, and his brother Arturo Torrealba P\u00e9rez to play the maracas and the Venezuelan cuatro, respectively. At the end of the recordings, Torrealba repeatedly listened to the finished album at his residence, until the wee hours of the morning. This fact would give rise to the group of the interpreter called &#8220;Los Torrealberos&#8221;.<\/div>\n<p>&nbsp;<\/p>\n<div dir=\"auto\"><\/div>\n<\/div>\n<div class=\"cxmmr5t8 oygrvhab hcukyx3x c1et5uql o9v6fnle\" style=\"text-align: justify;\">\n<div dir=\"auto\"><strong>Discography<\/strong><\/div>\n<p>&nbsp;<\/p>\n<div dir=\"auto\"><\/div>\n<\/div>\n<table width=\"445\">\n<tbody>\n<tr>\n<td style=\"text-align: center;\" width=\"211\"><strong>Temas Folclor Nacional<\/strong><\/td>\n<td style=\"text-align: center;\" width=\"234\"><strong>Escuchar tema<\/strong><\/td>\n<\/tr>\n<tr>\n<td>1<\/td>\n<td>Sabaneando<\/td>\n<\/tr>\n<tr>\n<td>2<\/td>\n<td>Valencia<\/td>\n<\/tr>\n<tr>\n<td>3<\/td>\n<td>Maraquero<\/td>\n<\/tr>\n<tr>\n<td>4<\/td>\n<td>Guayanesa<\/td>\n<\/tr>\n<tr>\n<td>5<\/td>\n<td>Junto Al Jaguey<\/td>\n<\/tr>\n<tr>\n<td>6<\/td>\n<td>La Guayaba<\/td>\n<\/tr>\n<tr>\n<td>7<\/td>\n<td>Aguacerito<\/td>\n<\/tr>\n<tr>\n<td>8<\/td>\n<td>El Tranquero<\/td>\n<\/tr>\n<tr>\n<td>9<\/td>\n<td>Rosa Angelina<\/td>\n<\/tr>\n<tr>\n<td>10<\/td>\n<td>Desilusi\u00f3n<\/td>\n<\/tr>\n<tr>\n<td>11<\/td>\n<td>Solito Con Las Estrellas<\/td>\n<\/tr>\n<tr>\n<td>12<\/td>\n<td>Muchacha De Ojazos Negros<\/td>\n<\/tr>\n<\/tbody>\n<\/table>\n<p>&nbsp;<\/p>\n<div class=\"cxmmr5t8 oygrvhab hcukyx3x c1et5uql o9v6fnle\" style=\"text-align: justify;\">\n<div dir=\"auto\">Cr\u00e9ditos tomados de Wikipedia:<\/div>\n<div dir=\"auto\"><a class=\"oajrlxb2 g5ia77u1 qu0x051f esr5mh6w e9989ue4 r7d6kgcz rq0escxv nhd2j8a9 nc684nl6 p7hjln8o kvgmc6g5 cxmmr5t8 oygrvhab hcukyx3x jb3vyjys rz4wbd8a qt6c0cv9 a8nywdso i1ao9s8h esuyzwwr f1sip0of lzcic4wl gpro0wi8 py34i1dx\" tabindex=\"0\" role=\"link\" href=\"https:\/\/es.wikipedia.org\/wiki\/Juan_Vicente_Torrealba?fbclid=IwAR04_UZb-cTjzRLDBg_VMvE_YQoFLJz7WqooE8NARmzJkGSmyN-Fe3gXNKw\" target=\"_blank\" rel=\"nofollow noopener\">https:\/\/es.wikipedia.org\/wiki\/Juan_Vicente_Torrealba<\/a><\/div>\n<div dir=\"auto\"><\/div>\n<p>&nbsp;<\/p>\n<\/div>\n<div class=\"epyt-video-wrapper\"><iframe loading=\"lazy\"  id=\"_ytid_98125\"  width=\"618\" height=\"347\"  data-origwidth=\"618\" data-origheight=\"347\" src=\"https:\/\/www.youtube.com\/embed\/YzMEdMwU-so?enablejsapi=1&#038;autoplay=0&#038;cc_load_policy=0&#038;cc_lang_pref=&#038;iv_load_policy=1&#038;loop=0&#038;modestbranding=0&#038;rel=1&#038;fs=1&#038;playsinline=0&#038;autohide=2&#038;theme=dark&#038;color=red&#038;controls=1&#038;\" class=\"__youtube_prefs__  epyt-is-override  no-lazyload\" title=\"YouTube player\"  allow=\"fullscreen; accelerometer; autoplay; clipboard-write; encrypted-media; gyroscope; picture-in-picture\" allowfullscreen data-no-lazy=\"1\" data-skipgform_ajax_framebjll=\"\"><\/iframe><\/div>\n","protected":false},"excerpt":{"rendered":"<p>&nbsp; Fecha de Nacimiento: 20 de febrero de 1917 &nbsp; Fecha de Fallecimiento: 2 de mayo de 2019 &nbsp; Biograf\u00eda &nbsp; Fue el tercer hijo del matrimonio de Santana Torrealba Silva y Mar\u00eda Esperanza P\u00e9rez, nacido en la esquina de Rosario en Caracas, para ese entonces, una zona rodeada de haciendas y en las inmediaciones &hellip;<\/p>\n","protected":false},"author":1,"featured_media":67165,"comment_status":"open","ping_status":"open","sticky":false,"template":"","format":"standard","meta":{"_jetpack_memberships_contains_paid_content":false,"footnotes":""},"categories":[9,6],"tags":[],"class_list":["post-24718","post","type-post","status-publish","format-standard","has-post-thumbnail","","category-biografias","category-cumpleaneros"],"jetpack_sharing_enabled":true,"jetpack_featured_media_url":"https:\/\/mickyandoniehn.com\/radio\/wp-content\/uploads\/2023\/02\/Juan-Vicente-Torrealba.jpg","_links":{"self":[{"href":"https:\/\/mickyandoniehn.com\/radio\/wp-json\/wp\/v2\/posts\/24718","targetHints":{"allow":["GET"]}}],"collection":[{"href":"https:\/\/mickyandoniehn.com\/radio\/wp-json\/wp\/v2\/posts"}],"about":[{"href":"https:\/\/mickyandoniehn.com\/radio\/wp-json\/wp\/v2\/types\/post"}],"author":[{"embeddable":true,"href":"https:\/\/mickyandoniehn.com\/radio\/wp-json\/wp\/v2\/users\/1"}],"replies":[{"embeddable":true,"href":"https:\/\/mickyandoniehn.com\/radio\/wp-json\/wp\/v2\/comments?post=24718"}],"version-history":[{"count":10,"href":"https:\/\/mickyandoniehn.com\/radio\/wp-json\/wp\/v2\/posts\/24718\/revisions"}],"predecessor-version":[{"id":67167,"href":"https:\/\/mickyandoniehn.com\/radio\/wp-json\/wp\/v2\/posts\/24718\/revisions\/67167"}],"wp:featuredmedia":[{"embeddable":true,"href":"https:\/\/mickyandoniehn.com\/radio\/wp-json\/wp\/v2\/media\/67165"}],"wp:attachment":[{"href":"https:\/\/mickyandoniehn.com\/radio\/wp-json\/wp\/v2\/media?parent=24718"}],"wp:term":[{"taxonomy":"category","embeddable":true,"href":"https:\/\/mickyandoniehn.com\/radio\/wp-json\/wp\/v2\/categories?post=24718"},{"taxonomy":"post_tag","embeddable":true,"href":"https:\/\/mickyandoniehn.com\/radio\/wp-json\/wp\/v2\/tags?post=24718"}],"curies":[{"name":"wp","href":"https:\/\/api.w.org\/{rel}","templated":true}]}}