{"id":24576,"date":"2024-02-13T07:18:10","date_gmt":"2024-02-13T13:18:10","guid":{"rendered":"https:\/\/mickyandoniehn.com\/radio\/?p=24576"},"modified":"2024-01-30T08:48:33","modified_gmt":"2024-01-30T14:48:33","slug":"elizabeth-guerra-vasquez","status":"publish","type":"post","link":"https:\/\/mickyandoniehn.com\/radio\/2024\/02\/13\/elizabeth-guerra-vasquez\/","title":{"rendered":"Ely Guerra"},"content":{"rendered":"<p style=\"text-align: justify;\"><img loading=\"lazy\" decoding=\"async\" class=\" wp-image-67134 aligncenter\" src=\"http:\/\/mickyandoniehn.com\/radio\/wp-content\/uploads\/2023\/02\/Ely-Guerra-199x300.jpg\" alt=\"\" width=\"287\" height=\"433\" srcset=\"https:\/\/mickyandoniehn.com\/radio\/wp-content\/uploads\/2023\/02\/Ely-Guerra-199x300.jpg 199w, https:\/\/mickyandoniehn.com\/radio\/wp-content\/uploads\/2023\/02\/Ely-Guerra.jpg 220w\" sizes=\"auto, (max-width: 287px) 100vw, 287px\" \/><\/p>\n<p>&nbsp;<\/p>\n<div class=\"cxmmr5t8 oygrvhab hcukyx3x c1et5uql o9v6fnle\" style=\"text-align: justify;\">\n<div dir=\"auto\"><b>Fecha de Nacimiento: <\/b>13 de febrero de 1972<\/div>\n<p>&nbsp;<\/p>\n<div dir=\"auto\"><\/div>\n<\/div>\n<div class=\"cxmmr5t8 oygrvhab hcukyx3x c1et5uql o9v6fnle\" style=\"text-align: justify;\">\n<div dir=\"auto\"><strong>Biografia<\/strong><\/div>\n<p>&nbsp;<\/p>\n<div dir=\"auto\"><\/div>\n<div dir=\"auto\">Mejor conocida por su nombre art\u00edstico Ely Guerra o como algunos la llaman &#8220;la Guerra&#8221;, es una cantautora y productora musical mexicana. Fue ganadora del Grammy Latino en 2010 por su \u00e1lbum Hombre Invisible. En 2004 lanza a la venta Sweet &amp; Sour, Hot y Spicy el cual hasta el momento ha sido su disco m\u00e1s vendido y con ello lanz\u00e1ndola al \u00e9xito internacional.<\/div>\n<div dir=\"auto\"><\/div>\n<p>&nbsp;<\/p>\n<div dir=\"auto\">Es hija de Alberto Guerra (director t\u00e9cnico de f\u00fatbol de M\u00e9xico) y Gloria V\u00e1zquez (modelo mexicana). Vivi\u00f3 pocos a\u00f1os en Monterrey, Ciudad Ju\u00e1rez y San Luis Potos\u00ed; posteriormente emigr\u00f3 con su familia a Guadalajara.<\/div>\n<p>&nbsp;<\/p>\n<div dir=\"auto\"><\/div>\n<\/div>\n<div class=\"cxmmr5t8 oygrvhab hcukyx3x c1et5uql o9v6fnle\" style=\"text-align: justify;\">\n<div dir=\"auto\">Antes de incursionar como solista, fue parte de un grupo en los ochentas, llamado Carm\u00edn cuyo tema m\u00e1s conocido es; &#8220;Carm\u00edn, un grito en la oscuridad&#8221;, y adem\u00e1s tuvo participaciones con reconocidos m\u00fasicos y agrupaciones mexicanas tales como Jos\u00e9 Fors y Fratta. A la edad de quince a\u00f1os busc\u00f3 sus propias oportunidades musicales en la Ciudad de M\u00e9xico, donde logr\u00f3 obtener un contrato con la disquera BMG. Dos a\u00f1os m\u00e1s tarde, lanz\u00f3 su primer \u00e1lbum, titulado &#8220;Ely Guerra&#8221; (1992\/1995\/1997), e incluye tracks como: J\u00farame (original de Mar\u00eda Greever), Atada a tu piel, Las Gafas de Lennon, Atr\u00e9vete, Quiero Verte, etc.<\/div>\n<p>&nbsp;<\/p>\n<div dir=\"auto\"><\/div>\n<\/div>\n<div class=\"cxmmr5t8 oygrvhab hcukyx3x c1et5uql o9v6fnle\" style=\"text-align: justify;\">\n<div dir=\"auto\">Al terminar su contrato con BMG, Ely se incorporar\u00f3 a EMI.<\/div>\n<p>&nbsp;<\/p>\n<div dir=\"auto\"><\/div>\n<div dir=\"auto\">Con EMI lanz\u00f3 su \u00e1lbum &#8220;Pa&#8217; Morirse de Amor&#8221; (1997), del que destacaron los sencillos &#8220;\u00c1ngel de Fuego&#8221; y Peligro. Otros tracks de este disco son No quiero hablar y Por qu\u00e9 tendr\u00eda que llorar por ti.<\/div>\n<p>&nbsp;<\/p>\n<div dir=\"auto\"><\/div>\n<\/div>\n<div class=\"cxmmr5t8 oygrvhab hcukyx3x c1et5uql o9v6fnle\" style=\"text-align: justify;\">\n<div dir=\"auto\">En 1999 lanz\u00f3 su tercer disco &#8220;Lotofire&#8221;, del cual se desprendieron los sencillos: &#8220;Tengo Fr\u00edo&#8221;, &#8220;Yo no&#8221; y &#8220;Vete&#8221;. De este \u00e1lbum tambi\u00e9n destacan los temas &#8220;Prometo Ser&#8221;, &#8220;Mejor Me Voy&#8221;, etc. Posteriormente fue lanzado en Estados Unidos, por la disquera Higher Octave. En Argentina y Chile se edit\u00f3 parte de &#8220;Lotofire&#8221; y &#8220;Pa&#8217; Morirse de Amor&#8221; como un EP llamado &#8220;4&#8221;.En 2001, particip\u00f3 en el MTV Unplugged del grupo chileno La Ley, interpretando la canci\u00f3n &#8220;El Duelo&#8221;. Este mismo a\u00f1o Ely particip\u00f3 en la banda sonora de la pel\u00edcula &#8220;De La Calle&#8221; con el tema &#8220;De La Calle&#8221; por el cual recibi\u00f3 el premio MTV Movie Award por mejor canci\u00f3n para una pel\u00edcula en los Mtv Movie Awards Mexico en el 2002.<\/div>\n<p>&nbsp;<\/p>\n<\/div>\n<div dir=\"auto\">\n<p><strong>Date of Birth: <\/strong>February 13, 1972<\/p>\n<p><strong>Biography<\/strong><\/p>\n<p>Better known by her stage name Ely Guerra or as some call her &#8220;la Guerra&#8221;, she is a Mexican singer-songwriter and music producer. She was a Latin Grammy winner in 2010 for her album Hombre Invisible. In 2004, she released Sweet &amp; Sour, Hot and Spicy, which to date has been her best-selling album, launching her to international success.<\/p>\n<p>She is the daughter of Alberto Guerra (Mexican soccer technical director) and Gloria V\u00e1zquez (Mexican model). He lived a few years in Monterrey, Ciudad Ju\u00e1rez and San Luis Potos\u00ed; later he emigrated with his family to Guadalajara.<\/p>\n<p>Before venturing as a soloist, he was part of a group in the eighties called Carm\u00edn whose best-known song is; &#8220;Carm\u00edn, a cry in the dark&#8221;, and also had participations with renowned Mexican musicians and groups such as Jos\u00e9 Fors and Fratta. At the age of fifteen, he pursued his own musical opportunities in Mexico City, where he managed to obtain a contract with the BMG label. Two years later, he released his first album, entitled &#8220;Ely Guerra&#8221; (1992\/1995\/1997), and includes tracks such as: J\u00farame (original by Mar\u00eda Greever), Atada a tu piel, Lennon&#8217;s Glasses, Atr\u00e9vete, Quiero Verte , etc.<\/p>\n<p>At the end of his contract with BMG, Ely joined EMI.<\/p>\n<p>With EMI he released his album &#8220;Pa&#8217; Morirse de Amor&#8221; (1997), from which the singles &#8220;\u00c1ngel de Fuego&#8221; and Peligro stood out. Other tracks on this album are I don&#8217;t want to talk and Why would I have to cry for you.<\/p>\n<p>In 1999 he released his third album &#8220;Lotofire&#8221;, from which came the singles: &#8221; Tengo Fr\u00edo&#8221;, &#8220;Yo no&#8221; and &#8220;Vete&#8221;. The songs &#8220;Prometo Ser&#8221;, &#8220;Mejor Me Voy&#8221;, etc. also stand out from this album. It was later released in the United States on the Higher Octave label. In Argentina and Chile part of &#8220;Lotofire&#8221; and &#8220;Pa&#8217; Morirse de Amor&#8221; was released as an EP called &#8220;4&#8221;. In 2001, he participated in the MTV Unplugged of the Chilean group La Ley, interpreting the song &#8220;El Duelo&#8221;. This same year Ely participated in the soundtrack of the movie &#8220;De La Calle&#8221; with the song &#8220;De La Calle&#8221; for which he received the MTV Movie Award for best song for a movie at the Mtv Movie Awards Mexico in 2002.<\/p>\n<\/div>\n<div class=\"cxmmr5t8 oygrvhab hcukyx3x c1et5uql o9v6fnle\" style=\"text-align: justify;\">\n<div dir=\"auto\"><\/div>\n<\/div>\n<div class=\"cxmmr5t8 oygrvhab hcukyx3x c1et5uql o9v6fnle\" style=\"text-align: justify;\">\n<div dir=\"auto\"><strong>Discograf\u00eda<\/strong><\/div>\n<p>&nbsp;<\/p>\n<\/div>\n<div dir=\"auto\"><\/div>\n<div dir=\"auto\">\n<table width=\"695\">\n<tbody>\n<tr>\n<td style=\"text-align: center;\" width=\"237\"><strong>Genero Rock, Jazz y Punk<\/strong><\/td>\n<td style=\"text-align: center;\" width=\"368\"><strong>Escuchar tema<\/strong><\/td>\n<td style=\"text-align: center;\" width=\"90\"><strong>A\u00f1o de Publicaci\u00f3n<\/strong><\/td>\n<\/tr>\n<tr>\n<td style=\"text-align: center;\"><\/td>\n<td style=\"text-align: center;\"><strong>Ely Guerra<\/strong><\/td>\n<td style=\"text-align: center;\"><strong>1995<\/strong><\/td>\n<\/tr>\n<tr>\n<td>1<\/td>\n<td>J\u00farame<\/td>\n<td><\/td>\n<\/tr>\n<tr>\n<td>2<\/td>\n<td>Quiero Verte<\/td>\n<td><\/td>\n<\/tr>\n<tr>\n<td>3<\/td>\n<td>Las Gafas De Lenon<\/td>\n<td><\/td>\n<\/tr>\n<tr>\n<td>4<\/td>\n<td>Atr\u00e9vete<\/td>\n<td><\/td>\n<\/tr>\n<tr>\n<td>5<\/td>\n<td>A Mi Manera<\/td>\n<td><\/td>\n<\/tr>\n<tr>\n<td>6<\/td>\n<td>Con La Mente Al Cielo<\/td>\n<td><\/td>\n<\/tr>\n<tr>\n<td>7<\/td>\n<td>Atada A Tu Piel<\/td>\n<td><\/td>\n<\/tr>\n<tr>\n<td>8<\/td>\n<td>A Lo Mejor<\/td>\n<td><\/td>\n<\/tr>\n<tr>\n<td>9<\/td>\n<td>La Frontera Del Ayer<\/td>\n<td><\/td>\n<\/tr>\n<tr>\n<td>10<\/td>\n<td>Es Tu Amor<\/td>\n<td><\/td>\n<\/tr>\n<tr>\n<td>11<\/td>\n<td>Para Hacerme Perdonar<\/td>\n<td><\/td>\n<\/tr>\n<tr>\n<td>12<\/td>\n<td>La Negra Del Son<\/td>\n<td><\/td>\n<\/tr>\n<tr>\n<td><\/td>\n<td><\/td>\n<td><\/td>\n<\/tr>\n<tr>\n<td style=\"text-align: center;\"><\/td>\n<td style=\"text-align: center;\"><strong>Pa Morirse de Amor<\/strong><\/td>\n<td style=\"text-align: center;\"><strong>1997<\/strong><\/td>\n<\/tr>\n<tr>\n<td>1<\/td>\n<td>Peligro<\/td>\n<td><\/td>\n<\/tr>\n<tr>\n<td>2<\/td>\n<td>Angel De Fuego<\/td>\n<td><\/td>\n<\/tr>\n<tr>\n<td>3<\/td>\n<td>Lagrimas De Agua Salada<\/td>\n<td><\/td>\n<\/tr>\n<tr>\n<td>4<\/td>\n<td>Pa&#8217; Morirse De Amor<\/td>\n<td><\/td>\n<\/tr>\n<tr>\n<td>5<\/td>\n<td>No Quiero Hablar<\/td>\n<td><\/td>\n<\/tr>\n<tr>\n<td>6<\/td>\n<td>Por Qu\u00e9 Tendr\u00eda Que Llorar Por T\u00ed<\/td>\n<td><\/td>\n<\/tr>\n<tr>\n<td>7<\/td>\n<td>Lo M\u00e1s Adentro<\/td>\n<td><\/td>\n<\/tr>\n<tr>\n<td>8<\/td>\n<td>Qu\u00e9 M\u00e1s Da<\/td>\n<td><\/td>\n<\/tr>\n<tr>\n<td>9<\/td>\n<td>Dime<\/td>\n<td><\/td>\n<\/tr>\n<tr>\n<td>10<\/td>\n<td>Angel De Amor<\/td>\n<td><\/td>\n<\/tr>\n<tr>\n<td>11<\/td>\n<td>Los Milagros<\/td>\n<td><\/td>\n<\/tr>\n<tr>\n<td>12<\/td>\n<td>Angel De Fuego (Ac\u00fastica)<\/td>\n<td><\/td>\n<\/tr>\n<tr>\n<td>13<\/td>\n<td>Peligro (Ac\u00fastica)<\/td>\n<td><\/td>\n<\/tr>\n<tr>\n<td><\/td>\n<td>Lagrimas De Agua Salada (Ac\u00fastica)<\/td>\n<td><\/td>\n<\/tr>\n<tr>\n<td><\/td>\n<td><\/td>\n<td><\/td>\n<\/tr>\n<tr>\n<td style=\"text-align: center;\"><\/td>\n<td style=\"text-align: center;\"><strong>Lotofire<\/strong><\/td>\n<td style=\"text-align: center;\"><strong>1999<\/strong><\/td>\n<\/tr>\n<tr>\n<td>1<\/td>\n<td>Profundidad<\/td>\n<td><\/td>\n<\/tr>\n<tr>\n<td>2<\/td>\n<td>Yo No<\/td>\n<td><\/td>\n<\/tr>\n<tr>\n<td>3<\/td>\n<td>Vete<\/td>\n<td><\/td>\n<\/tr>\n<tr>\n<td>4<\/td>\n<td>Mejor Me Voy<\/td>\n<td><\/td>\n<\/tr>\n<tr>\n<td>5<\/td>\n<td>Tengo Frio<\/td>\n<td><\/td>\n<\/tr>\n<tr>\n<td>6<\/td>\n<td>Abusar<\/td>\n<td><\/td>\n<\/tr>\n<tr>\n<td>7<\/td>\n<td>Silencio<\/td>\n<td><\/td>\n<\/tr>\n<tr>\n<td>8<\/td>\n<td>El Tiempo<\/td>\n<td><\/td>\n<\/tr>\n<tr>\n<td>9<\/td>\n<td>El Mar<\/td>\n<td><\/td>\n<\/tr>\n<tr>\n<td>10<\/td>\n<td>Prometo Ser<\/td>\n<td><\/td>\n<\/tr>\n<tr>\n<td>11<\/td>\n<td>Abusar (Single Edit<\/td>\n<td><\/td>\n<\/tr>\n<tr>\n<td><\/td>\n<td><\/td>\n<td><\/td>\n<\/tr>\n<tr>\n<td style=\"text-align: center;\"><\/td>\n<td style=\"text-align: center;\"><strong>Sweet &amp; Sour, Hot y Spicy<\/strong><\/td>\n<td style=\"text-align: center;\"><strong>2004<\/strong><\/td>\n<\/tr>\n<tr>\n<td>1<\/td>\n<td>Te Amo, I Love You<\/td>\n<td><\/td>\n<\/tr>\n<tr>\n<td>2<\/td>\n<td>Ojos Claros, Labios Rosas<\/td>\n<td><\/td>\n<\/tr>\n<tr>\n<td>3<\/td>\n<td>Pa-Ra-T\u00ed<\/td>\n<td><\/td>\n<\/tr>\n<tr>\n<td>4<\/td>\n<td>Mas Bonita<\/td>\n<td><\/td>\n<\/tr>\n<tr>\n<td>5<\/td>\n<td>Lucrecia Y Rigoberto<\/td>\n<td><\/td>\n<\/tr>\n<tr>\n<td>6<\/td>\n<td>Angelito Heart<\/td>\n<td><\/td>\n<\/tr>\n<tr>\n<td>7<\/td>\n<td>Angelito Heart (Demo Ely Guerra)<\/td>\n<td><\/td>\n<\/tr>\n<tr>\n<td>8<\/td>\n<td>Mi Playa<\/td>\n<td><\/td>\n<\/tr>\n<tr>\n<td>9<\/td>\n<td>El Colch\u00f3n<\/td>\n<td><\/td>\n<\/tr>\n<tr>\n<td>10<\/td>\n<td>Tu Boca<\/td>\n<td><\/td>\n<\/tr>\n<tr>\n<td>11<\/td>\n<td>Puerto Vallarta<\/td>\n<td><\/td>\n<\/tr>\n<tr>\n<td>12<\/td>\n<td>B\u00e9same<\/td>\n<td><\/td>\n<\/tr>\n<tr>\n<td>13<\/td>\n<td>Qui\u00e9reme Mucho<\/td>\n<td><\/td>\n<\/tr>\n<tr>\n<td>14<\/td>\n<td>Tu Boca (Demo Ely Guerra)<\/td>\n<td><\/td>\n<\/tr>\n<tr>\n<td><\/td>\n<td><\/td>\n<td><\/td>\n<\/tr>\n<tr>\n<td style=\"text-align: center;\"><\/td>\n<td style=\"text-align: center;\"><strong>Teatro Metropolitan<\/strong><\/td>\n<td style=\"text-align: center;\"><strong>2006<\/strong><\/td>\n<\/tr>\n<tr>\n<td>1<\/td>\n<td>Te Amo, I Love You<\/td>\n<td><\/td>\n<\/tr>\n<tr>\n<td>2<\/td>\n<td>De La Calle<\/td>\n<td><\/td>\n<\/tr>\n<tr>\n<td>3<\/td>\n<td>No Quiero Hablar<\/td>\n<td><\/td>\n<\/tr>\n<tr>\n<td>4<\/td>\n<td>Para Ti<\/td>\n<td><\/td>\n<\/tr>\n<tr>\n<td>5<\/td>\n<td>Mas Bonita<\/td>\n<td><\/td>\n<\/tr>\n<tr>\n<td>6<\/td>\n<td>Yo No<\/td>\n<td><\/td>\n<\/tr>\n<tr>\n<td>7<\/td>\n<td>Dime<\/td>\n<td><\/td>\n<\/tr>\n<tr>\n<td>8<\/td>\n<td>Peligro<\/td>\n<td><\/td>\n<\/tr>\n<tr>\n<td>9<\/td>\n<td>Tengo Frio<\/td>\n<td><\/td>\n<\/tr>\n<tr>\n<td>10<\/td>\n<td>Silencio<\/td>\n<td><\/td>\n<\/tr>\n<tr>\n<td>11<\/td>\n<td>Yo No<\/td>\n<td><\/td>\n<\/tr>\n<tr>\n<td>12<\/td>\n<td>Angel De Amor<\/td>\n<td><\/td>\n<\/tr>\n<tr>\n<td>13<\/td>\n<td>Mi Playa<\/td>\n<td><\/td>\n<\/tr>\n<tr>\n<td>14<\/td>\n<td>Ojos Claros Labios Rosa<\/td>\n<td><\/td>\n<\/tr>\n<tr>\n<td><\/td>\n<td><\/td>\n<td><\/td>\n<\/tr>\n<tr>\n<td><\/td>\n<td><\/td>\n<td><\/td>\n<\/tr>\n<\/tbody>\n<\/table>\n<p>Creditos tomados de Wikipedia<br \/>\n<a href=\"https:\/\/es.wikipedia.org\/wiki\/Ely_Guerra\">https:\/\/es.wikipedia.org\/wiki\/Ely_Guerra<\/a><\/p>\n<\/div>\n<div class=\"epyt-video-wrapper\"><iframe loading=\"lazy\"  id=\"_ytid_98985\"  width=\"618\" height=\"347\"  data-origwidth=\"618\" data-origheight=\"347\" src=\"https:\/\/www.youtube.com\/embed\/lAVafyHSLjs?enablejsapi=1&#038;autoplay=0&#038;cc_load_policy=0&#038;cc_lang_pref=&#038;iv_load_policy=1&#038;loop=0&#038;modestbranding=0&#038;rel=1&#038;fs=1&#038;playsinline=0&#038;autohide=2&#038;theme=dark&#038;color=red&#038;controls=1&#038;\" class=\"__youtube_prefs__  epyt-is-override  no-lazyload\" title=\"YouTube player\"  allow=\"fullscreen; accelerometer; autoplay; clipboard-write; encrypted-media; gyroscope; picture-in-picture\" allowfullscreen data-no-lazy=\"1\" data-skipgform_ajax_framebjll=\"\"><\/iframe><\/div>\n","protected":false},"excerpt":{"rendered":"<p>&nbsp; Fecha de Nacimiento: 13 de febrero de 1972 &nbsp; Biografia &nbsp; Mejor conocida por su nombre art\u00edstico Ely Guerra o como algunos la llaman &#8220;la Guerra&#8221;, es una cantautora y productora musical mexicana. Fue ganadora del Grammy Latino en 2010 por su \u00e1lbum Hombre Invisible. En 2004 lanza a la venta Sweet &amp; Sour, &hellip;<\/p>\n","protected":false},"author":1,"featured_media":67134,"comment_status":"open","ping_status":"open","sticky":false,"template":"","format":"standard","meta":{"_jetpack_memberships_contains_paid_content":false,"footnotes":""},"categories":[9,6],"tags":[],"class_list":["post-24576","post","type-post","status-publish","format-standard","has-post-thumbnail","","category-biografias","category-cumpleaneros"],"jetpack_sharing_enabled":true,"jetpack_featured_media_url":"https:\/\/mickyandoniehn.com\/radio\/wp-content\/uploads\/2023\/02\/Ely-Guerra.jpg","_links":{"self":[{"href":"https:\/\/mickyandoniehn.com\/radio\/wp-json\/wp\/v2\/posts\/24576","targetHints":{"allow":["GET"]}}],"collection":[{"href":"https:\/\/mickyandoniehn.com\/radio\/wp-json\/wp\/v2\/posts"}],"about":[{"href":"https:\/\/mickyandoniehn.com\/radio\/wp-json\/wp\/v2\/types\/post"}],"author":[{"embeddable":true,"href":"https:\/\/mickyandoniehn.com\/radio\/wp-json\/wp\/v2\/users\/1"}],"replies":[{"embeddable":true,"href":"https:\/\/mickyandoniehn.com\/radio\/wp-json\/wp\/v2\/comments?post=24576"}],"version-history":[{"count":7,"href":"https:\/\/mickyandoniehn.com\/radio\/wp-json\/wp\/v2\/posts\/24576\/revisions"}],"predecessor-version":[{"id":67135,"href":"https:\/\/mickyandoniehn.com\/radio\/wp-json\/wp\/v2\/posts\/24576\/revisions\/67135"}],"wp:featuredmedia":[{"embeddable":true,"href":"https:\/\/mickyandoniehn.com\/radio\/wp-json\/wp\/v2\/media\/67134"}],"wp:attachment":[{"href":"https:\/\/mickyandoniehn.com\/radio\/wp-json\/wp\/v2\/media?parent=24576"}],"wp:term":[{"taxonomy":"category","embeddable":true,"href":"https:\/\/mickyandoniehn.com\/radio\/wp-json\/wp\/v2\/categories?post=24576"},{"taxonomy":"post_tag","embeddable":true,"href":"https:\/\/mickyandoniehn.com\/radio\/wp-json\/wp\/v2\/tags?post=24576"}],"curies":[{"name":"wp","href":"https:\/\/api.w.org\/{rel}","templated":true}]}}