{"id":24537,"date":"2024-02-07T08:00:05","date_gmt":"2024-02-07T14:00:05","guid":{"rendered":"https:\/\/mickyandoniehn.com\/radio\/?p=24537"},"modified":"2024-01-30T08:50:54","modified_gmt":"2024-01-30T14:50:54","slug":"eva-ayllon","status":"publish","type":"post","link":"https:\/\/mickyandoniehn.com\/radio\/2024\/02\/07\/eva-ayllon\/","title":{"rendered":"Eva Ayll\u00f3n"},"content":{"rendered":"<p><img loading=\"lazy\" decoding=\"async\" class=\" wp-image-67138 aligncenter\" src=\"http:\/\/mickyandoniehn.com\/radio\/wp-content\/uploads\/2023\/02\/Eva-Ayllon-300x168.jpg\" alt=\"\" width=\"380\" height=\"213\" srcset=\"https:\/\/mickyandoniehn.com\/radio\/wp-content\/uploads\/2023\/02\/Eva-Ayllon-300x168.jpg 300w, https:\/\/mickyandoniehn.com\/radio\/wp-content\/uploads\/2023\/02\/Eva-Ayllon-768x430.jpg 768w, https:\/\/mickyandoniehn.com\/radio\/wp-content\/uploads\/2023\/02\/Eva-Ayllon.jpg 780w\" sizes=\"auto, (max-width: 380px) 100vw, 380px\" \/><\/p>\n<p>&nbsp;<\/p>\n<div class=\"cxmmr5t8 oygrvhab hcukyx3x c1et5uql o9v6fnle ii04i59q\">\n<div dir=\"auto\"><strong>Fecha de Nacimiento:<\/strong> 7 de febrero de 1956<\/div>\n<p>&nbsp;<\/p>\n<div dir=\"auto\"><\/div>\n<\/div>\n<div class=\"cxmmr5t8 oygrvhab hcukyx3x c1et5uql o9v6fnle ii04i59q\">\n<div dir=\"auto\"><strong>Biograf\u00eda:<\/strong><\/div>\n<p>&nbsp;<\/p>\n<div dir=\"auto\"><\/div>\n<div dir=\"auto\">Conocida tambi\u00e9n como La Reina del Land\u00f3, ha sido ganadora del Grammy Latino a la Excelencia Musical por su aporte a la cultura, y ha sido nominada diez veces para Mejor \u00c1lbum Folkl\u00f3rico. Considerada como la mejor cultora de la m\u00fasica criolla y afroperuana, la versatilidad de su voz le permiti\u00f3 empezar a incursionar en diversos g\u00e9neros musicales, caracter\u00edstica que la ha llevado a compartir escenario con grandes artistas de talla internacional como: Gilberto Santa Rosa, Soledad Pastorutti, Marc Anthony, Armando Manzanero, Daniela Darcourt, Raphael, Diego el Cigala, Jos\u00e9 Luis Rodr\u00edguez, Christian Yaip\u00e9n, Kalimba, Mercedes Sosa, Inti-Illimani Hist\u00f3rico, Illapu, Olga Ta\u00f1\u00f3n, entre otros.<\/div>\n<p>&nbsp;<\/p>\n<div dir=\"auto\"><\/div>\n<\/div>\n<div class=\"cxmmr5t8 oygrvhab hcukyx3x c1et5uql o9v6fnle ii04i59q\">\n<div dir=\"auto\">Es considerada junto con Susana Baca y Tania Libertad, como los m\u00e1s grandes baluartes de la cultura de su pa\u00eds en el mundo. Y con una carrera ininterrumpida de 50 a\u00f1os la ha consolidado como \u00eddolo mundial del folclore.<\/div>\n<p>&nbsp;<\/p>\n<div dir=\"auto\"><\/div>\n<\/div>\n<div class=\"cxmmr5t8 oygrvhab hcukyx3x c1et5uql o9v6fnle ii04i59q\">\n<div dir=\"auto\">Fue criada en el seno de una tradicional familia lime\u00f1a, la cual era encabezada por su abuela. Es devota del Se\u00f1or de los Milagros. Su nombre art\u00edstico es Eva Ayll\u00f3n en honor a su abuela Eva.<\/div>\n<p>&nbsp;<\/p>\n<\/div>\n<div class=\"cxmmr5t8 oygrvhab hcukyx3x c1et5uql o9v6fnle ii04i59q\">\n<div dir=\"auto\">Desde muy ni\u00f1a tuvo claro a sus referentes musicales a nivel de la composici\u00f3n: Alicia Magui\u00f1a, Chabuca Granda, Augusto Polo Campos, Jos\u00e9 Escajadillo, Alberto Haro y Mario Cavagnaro; quienes han sido sus predilectos al momento de entregar su repertorio.<\/div>\n<div dir=\"auto\"><\/div>\n<p>&nbsp;<\/p>\n<\/div>\n<div class=\"cxmmr5t8 oygrvhab hcukyx3x c1et5uql o9v6fnle ii04i59q\">\n<div dir=\"auto\">Sus padres son Carlos Alberto Ayll\u00f3n Garc\u00eda y Renee Urbina. Ya con tan solo 3 a\u00f1os de edad mostr\u00f3 muchas cualidades para el canto, y es gracias al apoyo incondicional de su querida abuela que inicia su vida art\u00edstica, cantando con \u00e9xito en eventos de su colegio Zoila Aurora C\u00e1ceres, adem\u00e1s de programas juveniles de radio y televisi\u00f3n; con ello ayud\u00f3 a su familia estudiando y trabajando desde muy peque\u00f1a.<\/div>\n<p>&nbsp;<\/p>\n<div dir=\"auto\"><\/div>\n<\/div>\n<div class=\"cxmmr5t8 oygrvhab hcukyx3x c1et5uql o9v6fnle ii04i59q\">\n<div dir=\"auto\">De muy joven realizaba algunos ensayos en la casa del conocido guitarrista Javier Munayco Garc\u00eda en el distrito popular de La Victoria, \u00e9l ayud\u00f3 a corregir algunas posturas relacionadas con sus movimientos corporales e interpretaci\u00f3n que le han sido de mucha utilidad posteriormente en su carrera.<\/div>\n<p>&nbsp;<\/p>\n<div dir=\"auto\"><\/div>\n<\/div>\n<div class=\"cxmmr5t8 oygrvhab hcukyx3x c1et5uql o9v6fnle ii04i59q\">\n<div dir=\"auto\">Cuando ella empieza a ser algo conocida en el \u00e1mbito de la m\u00fasica popular, lo hace paralelamente a otras dos connotadas cantantes del Per\u00fa, la gran Mar\u00eda Obreg\u00f3n y Luc\u00eda de la Cruz.<\/div>\n<p>&nbsp;<\/p>\n<div dir=\"auto\"><\/div>\n<\/div>\n<div class=\"cxmmr5t8 oygrvhab hcukyx3x c1et5uql o9v6fnle ii04i59q\">\n<div dir=\"auto\"><strong>Wikipedia in English<\/strong><\/div>\n<p>&nbsp;<\/p>\n<div dir=\"auto\"><\/div>\n<\/div>\n<div class=\"cxmmr5t8 oygrvhab hcukyx3x c1et5uql o9v6fnle ii04i59q\">\n<div dir=\"auto\"><strong>Date of Birth:<\/strong> February 7, 1956<\/div>\n<p>&nbsp;<\/p>\n<div dir=\"auto\"><\/div>\n<\/div>\n<div class=\"cxmmr5t8 oygrvhab hcukyx3x c1et5uql o9v6fnle ii04i59q\">\n<div dir=\"auto\"><strong>Biography:<\/strong><\/div>\n<p>&nbsp;<\/p>\n<div dir=\"auto\"><\/div>\n<div dir=\"auto\">Also known as La Reina del Land\u00f3, she has won the Latin Grammy for Musical Excellence for her contribution to culture, and has been nominated ten times for Best Folk Album. Considered the best cultist of Creole and Afro-Peruvian music, the versatility of her voice allowed her to start venturing into various musical genres, a characteristic that has led her to share the stage with great international artists such as: Gilberto Santa Rosa, Soledad Pastorutti, Marc Anthony, Armando Manzanero, Daniela Darcourt, Raphael, Diego el Cigala, Jos\u00e9 Luis Rodr\u00edguez, Christian Yaip\u00e9n, Kalimba, Mercedes Sosa, Historic Inti-Illimani, Illapu, Olga Ta\u00f1\u00f3n, among others.<\/div>\n<div dir=\"auto\"><\/div>\n<p>&nbsp;<\/p>\n<\/div>\n<div class=\"cxmmr5t8 oygrvhab hcukyx3x c1et5uql o9v6fnle ii04i59q\">\n<div dir=\"auto\">She is considered, along with Susana Baca and Tania Libertad, as the greatest bastions of her country&#8217;s culture in the world. And with an uninterrupted career of 50 years, she has consolidated her as a world idol of folklore.<\/div>\n<div dir=\"auto\"><\/div>\n<p>&nbsp;<\/p>\n<\/div>\n<div class=\"cxmmr5t8 oygrvhab hcukyx3x c1et5uql o9v6fnle ii04i59q\">\n<div dir=\"auto\">She was raised in a traditional Lima family, which was headed by her grandmother. She is devoted to the Lord of Miracles. Her stage name is Eva Ayll\u00f3n in honor of her grandmother, Eva de Ella.<\/div>\n<div dir=\"auto\"><\/div>\n<p>&nbsp;<\/p>\n<\/div>\n<div class=\"cxmmr5t8 oygrvhab hcukyx3x c1et5uql o9v6fnle ii04i59q\">\n<div dir=\"auto\">From a very young age she was clear about her musical references at the composition level: Alicia Magui\u00f1a, Chabuca Granda, Augusto Polo Campos, Jos\u00e9 Escajadillo, Alberto Haro and Mario Cavagnaro; who have been her favorites at the time of delivering her repertoire.<\/div>\n<p>&nbsp;<\/p>\n<div dir=\"auto\"><\/div>\n<\/div>\n<div class=\"cxmmr5t8 oygrvhab hcukyx3x c1et5uql o9v6fnle ii04i59q\">\n<div dir=\"auto\">Her parents are Carlos Alberto Ayll\u00f3n Garc\u00eda and Renee Urbina. When she was only 3 years old, she showed many qualities for singing, and it is thanks to the unconditional support of her beloved grandmother that she began her artistic life, singing successfully at events at her Zoila Aurora C\u00e1ceres school, as well as youth radio programs and TV; With this, she helped her family by studying and working from a very young age.<\/div>\n<p>&nbsp;<\/p>\n<div dir=\"auto\"><\/div>\n<\/div>\n<div class=\"cxmmr5t8 oygrvhab hcukyx3x c1et5uql o9v6fnle ii04i59q\">\n<div dir=\"auto\">When he was very young he performed some rehearsals at the house of the well-known guitarist Javier Munayco Garc\u00eda in the popular district of La Victoria, he helped correct some postures related to his body movements and interpretation that have been very useful later in his career.<\/div>\n<p>&nbsp;<\/p>\n<div dir=\"auto\"><\/div>\n<\/div>\n<div class=\"cxmmr5t8 oygrvhab hcukyx3x c1et5uql o9v6fnle ii04i59q\">\n<div dir=\"auto\">When she begins to be somewhat known in the field of popular music, she does so in parallel with two other well-known singers from Peru, the great Mar\u00eda Obreg\u00f3n and Luc\u00eda de la Cruz.<\/div>\n<p>&nbsp;<\/p>\n<div dir=\"auto\"><\/div>\n<\/div>\n<div class=\"cxmmr5t8 oygrvhab hcukyx3x c1et5uql o9v6fnle ii04i59q\">\n<div dir=\"auto\"><strong>Discography<\/strong><\/div>\n<p>&nbsp;<\/p>\n<div dir=\"auto\">\n<table width=\"689\">\n<tbody>\n<tr>\n<td style=\"text-align: center;\" width=\"221\"><strong>Temas Folclor<\/strong><\/td>\n<td style=\"text-align: center;\" width=\"280\"><strong>Escuchar tema<\/strong><\/td>\n<td style=\"text-align: center;\" width=\"188\"><strong>Publicaci\u00f3n<\/strong><\/td>\n<\/tr>\n<tr>\n<td style=\"text-align: center;\"><\/td>\n<td style=\"text-align: center;\"><strong>Los Kipus con Eva<\/strong><\/td>\n<td style=\"text-align: center;\"><strong>1977<\/strong><\/td>\n<\/tr>\n<tr>\n<td>1<\/td>\n<td>Reg\u00e1\u00f1ame<\/td>\n<td><\/td>\n<\/tr>\n<tr>\n<td>2<\/td>\n<td>Mal Paso<\/td>\n<td><\/td>\n<\/tr>\n<tr>\n<td>3<\/td>\n<td>Tristeza Por Tu Amor<\/td>\n<td><\/td>\n<\/tr>\n<tr>\n<td>4<\/td>\n<td>Compad\u00e9cete De Mi<\/td>\n<td><\/td>\n<\/tr>\n<tr>\n<td>5<\/td>\n<td>Y Nos Pusimos A Llorar<\/td>\n<td><\/td>\n<\/tr>\n<tr>\n<td>6<\/td>\n<td>Chola Mentirosa<\/td>\n<td><\/td>\n<\/tr>\n<tr>\n<td>7<\/td>\n<td>Si Tu No Estas<\/td>\n<td><\/td>\n<\/tr>\n<tr>\n<td>8<\/td>\n<td>No S\u00e9<\/td>\n<td><\/td>\n<\/tr>\n<tr>\n<td>9<\/td>\n<td>Solo Un Coraz\u00f3n<\/td>\n<td><\/td>\n<\/tr>\n<tr>\n<td>10<\/td>\n<td>Mi Tumbes<\/td>\n<td><\/td>\n<\/tr>\n<tr>\n<td>11<\/td>\n<td>Cita De Amor<\/td>\n<td><\/td>\n<\/tr>\n<tr>\n<td>12<\/td>\n<td>Chorina<\/td>\n<td><\/td>\n<\/tr>\n<tr>\n<td><\/td>\n<td><\/td>\n<td><\/td>\n<\/tr>\n<tr>\n<td style=\"text-align: center;\"><\/td>\n<td style=\"text-align: center;\"><strong>Esta Noche<\/strong><\/td>\n<td style=\"text-align: center;\"><strong>1979<\/strong><\/td>\n<\/tr>\n<tr>\n<td>1<\/td>\n<td>Idolatr\u00eda<\/td>\n<td><\/td>\n<\/tr>\n<tr>\n<td>2<\/td>\n<td>Cardo O Ceniza<\/td>\n<td><\/td>\n<\/tr>\n<tr>\n<td>3<\/td>\n<td>Desd\u00e9n \/ Rebeca<\/td>\n<td><\/td>\n<\/tr>\n<tr>\n<td>4<\/td>\n<td>Ma\u00f1ana Por La Ma\u00f1ana<\/td>\n<td><\/td>\n<\/tr>\n<tr>\n<td>5<\/td>\n<td>Ruperta<\/td>\n<td><\/td>\n<\/tr>\n<tr>\n<td>6<\/td>\n<td>La Noche De Tu Ausencia<\/td>\n<td><\/td>\n<\/tr>\n<tr>\n<td>7<\/td>\n<td>Taita Guaranguito<\/td>\n<td><\/td>\n<\/tr>\n<tr>\n<td>8<\/td>\n<td>Bandida \/ De Puerta En Puerta<\/td>\n<td><\/td>\n<\/tr>\n<tr>\n<td>9<\/td>\n<td>Toro Mata<\/td>\n<td><\/td>\n<\/tr>\n<tr>\n<td>10<\/td>\n<td>La Gripe Llego A Chep\u00e9n<\/td>\n<td><\/td>\n<\/tr>\n<tr>\n<td>11<\/td>\n<td>Za\u00f1a Negra<\/td>\n<td><\/td>\n<\/tr>\n<tr>\n<td style=\"text-align: center;\"><\/td>\n<td style=\"text-align: center;\"><\/td>\n<td style=\"text-align: center;\"><\/td>\n<\/tr>\n<tr>\n<td style=\"text-align: center;\"><\/td>\n<td style=\"text-align: center;\"><strong>Al ritmo de..<\/strong><\/td>\n<td style=\"text-align: center;\"><strong>1980<\/strong><\/td>\n<\/tr>\n<tr>\n<td>1<\/td>\n<td>Remembranzas<\/td>\n<td><\/td>\n<\/tr>\n<tr>\n<td>2<\/td>\n<td>Pasion De Hinoojo \/ \u00cddolo<\/td>\n<td><\/td>\n<\/tr>\n<tr>\n<td>3<\/td>\n<td>El Arrullo<\/td>\n<td><\/td>\n<\/tr>\n<tr>\n<td>4<\/td>\n<td>Esclava De Tu Amor<\/td>\n<td><\/td>\n<\/tr>\n<tr>\n<td>5<\/td>\n<td>Fina Estampa<\/td>\n<td><\/td>\n<\/tr>\n<tr>\n<td>6<\/td>\n<td>Callao<\/td>\n<td><\/td>\n<\/tr>\n<tr>\n<td>7<\/td>\n<td>Enga\u00f1ada \/ Noche Tras Noche<\/td>\n<td><\/td>\n<\/tr>\n<tr>\n<td>8<\/td>\n<td>Hay D\u00edas Como Hoy<\/td>\n<td><\/td>\n<\/tr>\n<tr>\n<td>9<\/td>\n<td>Negro Libre<\/td>\n<td><\/td>\n<\/tr>\n<tr>\n<td>10<\/td>\n<td>Noche De Amargura \/ No Sufras Corazon<\/td>\n<td><\/td>\n<\/tr>\n<tr>\n<td>11<\/td>\n<td>Coplas A Fray Martin<\/td>\n<td><\/td>\n<\/tr>\n<tr>\n<td><\/td>\n<td><\/td>\n<td><\/td>\n<\/tr>\n<tr>\n<td style=\"text-align: center;\"><\/td>\n<td style=\"text-align: center;\"><strong>Se\u00f1oras y Se\u00f1ores<\/strong><\/td>\n<td style=\"text-align: center;\"><strong>1981<\/strong><\/td>\n<\/tr>\n<tr>\n<td>1<\/td>\n<td>Soledad Sola<\/td>\n<td><\/td>\n<\/tr>\n<tr>\n<td>2<\/td>\n<td>Iron\u00eda \/ Esperar\u00e9<\/td>\n<td><\/td>\n<\/tr>\n<tr>\n<td>3<\/td>\n<td>No Valent\u00edn<\/td>\n<td><\/td>\n<\/tr>\n<tr>\n<td>4<\/td>\n<td>La Guardia Nueva<\/td>\n<td><\/td>\n<\/tr>\n<tr>\n<td>5<\/td>\n<td>El Tamalito<\/td>\n<td><\/td>\n<\/tr>\n<tr>\n<td>6<\/td>\n<td>Destino Sin Amor<\/td>\n<td><\/td>\n<\/tr>\n<tr>\n<td>7<\/td>\n<td>La Cholita Del Puente \/ El Payaso<\/td>\n<td><\/td>\n<\/tr>\n<tr>\n<td>8<\/td>\n<td>El Gallo Camar\u00f3n<\/td>\n<td><\/td>\n<\/tr>\n<tr>\n<td>9<\/td>\n<td>As\u00ed Te Quiero \/ \u00bfPor Que No Volver\u00e1s?<\/td>\n<td><\/td>\n<\/tr>\n<tr>\n<td>10<\/td>\n<td>Quisiera Ser Caramelo<\/td>\n<td><\/td>\n<\/tr>\n<tr>\n<td><\/td>\n<td><\/td>\n<td><\/td>\n<\/tr>\n<tr>\n<td style=\"text-align: center;\"><\/td>\n<td style=\"text-align: center;\"><strong>Cuando Hacemos El Amor<\/strong><\/td>\n<td><\/td>\n<\/tr>\n<tr>\n<td>1<\/td>\n<td>Cuando Hacemos El Amor<\/td>\n<td><\/td>\n<\/tr>\n<tr>\n<td>2<\/td>\n<td>Cristal Herido<\/td>\n<td><\/td>\n<\/tr>\n<tr>\n<td>3<\/td>\n<td>Za, Za, Za<\/td>\n<td><\/td>\n<\/tr>\n<tr>\n<td>4<\/td>\n<td>Puedes Irte &#8211; Angustia<\/td>\n<td><\/td>\n<\/tr>\n<tr>\n<td>5<\/td>\n<td>Se\u00f1or, Se\u00f1or<\/td>\n<td><\/td>\n<\/tr>\n<tr>\n<td>6<\/td>\n<td>Media Noche<\/td>\n<td><\/td>\n<\/tr>\n<tr>\n<td>7<\/td>\n<td>El Camino Que Perd\u00ed<\/td>\n<td><\/td>\n<\/tr>\n<tr>\n<td>8<\/td>\n<td>Cari\u00f1ito &#8211; Quisiera<\/td>\n<td><\/td>\n<\/tr>\n<tr>\n<td>9<\/td>\n<td>Samba Malat\u00f3<\/td>\n<td><\/td>\n<\/tr>\n<tr>\n<td>10<\/td>\n<td>Recordando A Mi Padre<\/td>\n<td><\/td>\n<\/tr>\n<tr>\n<td>11<\/td>\n<td>Ent\u00e9rate<\/td>\n<td><\/td>\n<\/tr>\n<tr>\n<td>12<\/td>\n<td>Le Herida Oscura<\/td>\n<td><\/td>\n<\/tr>\n<tr>\n<td><\/td>\n<td><\/td>\n<td><\/td>\n<\/tr>\n<\/tbody>\n<\/table>\n<\/div>\n<p>&nbsp;<\/p>\n<div dir=\"auto\"><\/div>\n<\/div>\n<div class=\"cxmmr5t8 oygrvhab hcukyx3x c1et5uql o9v6fnle ii04i59q\">\n<div dir=\"auto\">Cr\u00e9ditos tomados de Wikipedia:<\/div>\n<div dir=\"auto\"><a class=\"oajrlxb2 g5ia77u1 qu0x051f esr5mh6w e9989ue4 r7d6kgcz rq0escxv nhd2j8a9 nc684nl6 p7hjln8o kvgmc6g5 cxmmr5t8 oygrvhab hcukyx3x jb3vyjys rz4wbd8a qt6c0cv9 a8nywdso i1ao9s8h esuyzwwr f1sip0of lzcic4wl gpro0wi8 py34i1dx\" tabindex=\"0\" role=\"link\" href=\"https:\/\/l.facebook.com\/l.php?u=https%3A%2F%2Fes.wikipedia.org%2Fwiki%2FEva_Ayll%25C3%25B3n%3Ffbclid%3DIwAR1HpXSQEtHSan9zIklUaQuIhq2MrRubSgRhSNIYkYncck29maay72yZhBo&amp;h=AT3xMmztWCcd7SwecoYLpZROdpWA2PvJfKD2MhcV2yVdqwIM0nAUvCHzmPlrWYUFbaEFShrsTnltzuYodZ0TVdoMvasHn9g66XeKu8Nmb_PLghVC9xa35ZLDsO-da-mWeFqE&amp;__tn__=-UK-R&amp;c[0]=AT3nSPQl0RKfOF0_JYC8BG8H4BcnnraxgzuoBb_gWKM6m2ZGm6o-qigeTcmEdmt8n_ENZjBk1_-DgINe99NGCcxqlnOligs-UnWVMpBk4MYv5fpCfJuEENdy6ehi74h-FBUOU9VWoKKdMpP2FC54l8636Pex9mGj3I8P-Q\" target=\"_blank\" rel=\"nofollow noopener\">https:\/\/es.wikipedia.org\/wiki\/Eva_Ayll%C3%B3n<\/a><\/div>\n<div dir=\"auto\"><\/div>\n<p>&nbsp;<\/p>\n<\/div>\n<div class=\"epyt-video-wrapper\"><iframe loading=\"lazy\"  id=\"_ytid_25465\"  width=\"618\" height=\"347\"  data-origwidth=\"618\" data-origheight=\"347\" src=\"https:\/\/www.youtube.com\/embed\/9M7HROH34hE?enablejsapi=1&#038;autoplay=0&#038;cc_load_policy=0&#038;cc_lang_pref=&#038;iv_load_policy=1&#038;loop=0&#038;modestbranding=0&#038;rel=1&#038;fs=1&#038;playsinline=0&#038;autohide=2&#038;theme=dark&#038;color=red&#038;controls=1&#038;\" class=\"__youtube_prefs__  epyt-is-override  no-lazyload\" title=\"YouTube player\"  allow=\"fullscreen; accelerometer; autoplay; clipboard-write; encrypted-media; gyroscope; picture-in-picture\" allowfullscreen data-no-lazy=\"1\" data-skipgform_ajax_framebjll=\"\"><\/iframe><\/div>\n","protected":false},"excerpt":{"rendered":"<p>&nbsp; Fecha de Nacimiento: 7 de febrero de 1956 &nbsp; Biograf\u00eda: &nbsp; Conocida tambi\u00e9n como La Reina del Land\u00f3, ha sido ganadora del Grammy Latino a la Excelencia Musical por su aporte a la cultura, y ha sido nominada diez veces para Mejor \u00c1lbum Folkl\u00f3rico. Considerada como la mejor cultora de la m\u00fasica criolla y &hellip;<\/p>\n","protected":false},"author":1,"featured_media":67138,"comment_status":"open","ping_status":"open","sticky":false,"template":"","format":"standard","meta":{"_jetpack_memberships_contains_paid_content":false,"footnotes":""},"categories":[9,6],"tags":[],"class_list":["post-24537","post","type-post","status-publish","format-standard","has-post-thumbnail","","category-biografias","category-cumpleaneros"],"jetpack_sharing_enabled":true,"jetpack_featured_media_url":"https:\/\/mickyandoniehn.com\/radio\/wp-content\/uploads\/2023\/02\/Eva-Ayllon.jpg","_links":{"self":[{"href":"https:\/\/mickyandoniehn.com\/radio\/wp-json\/wp\/v2\/posts\/24537","targetHints":{"allow":["GET"]}}],"collection":[{"href":"https:\/\/mickyandoniehn.com\/radio\/wp-json\/wp\/v2\/posts"}],"about":[{"href":"https:\/\/mickyandoniehn.com\/radio\/wp-json\/wp\/v2\/types\/post"}],"author":[{"embeddable":true,"href":"https:\/\/mickyandoniehn.com\/radio\/wp-json\/wp\/v2\/users\/1"}],"replies":[{"embeddable":true,"href":"https:\/\/mickyandoniehn.com\/radio\/wp-json\/wp\/v2\/comments?post=24537"}],"version-history":[{"count":8,"href":"https:\/\/mickyandoniehn.com\/radio\/wp-json\/wp\/v2\/posts\/24537\/revisions"}],"predecessor-version":[{"id":67140,"href":"https:\/\/mickyandoniehn.com\/radio\/wp-json\/wp\/v2\/posts\/24537\/revisions\/67140"}],"wp:featuredmedia":[{"embeddable":true,"href":"https:\/\/mickyandoniehn.com\/radio\/wp-json\/wp\/v2\/media\/67138"}],"wp:attachment":[{"href":"https:\/\/mickyandoniehn.com\/radio\/wp-json\/wp\/v2\/media?parent=24537"}],"wp:term":[{"taxonomy":"category","embeddable":true,"href":"https:\/\/mickyandoniehn.com\/radio\/wp-json\/wp\/v2\/categories?post=24537"},{"taxonomy":"post_tag","embeddable":true,"href":"https:\/\/mickyandoniehn.com\/radio\/wp-json\/wp\/v2\/tags?post=24537"}],"curies":[{"name":"wp","href":"https:\/\/api.w.org\/{rel}","templated":true}]}}