{"id":24199,"date":"2023-12-25T08:00:11","date_gmt":"2023-12-25T14:00:11","guid":{"rendered":"https:\/\/mickyandoniehn.com\/radio\/?p=24199"},"modified":"2023-02-03T10:04:02","modified_gmt":"2023-02-03T16:04:02","slug":"wilson-choperena","status":"publish","type":"post","link":"https:\/\/mickyandoniehn.com\/radio\/2023\/12\/25\/wilson-choperena\/","title":{"rendered":"Wilson Choperena"},"content":{"rendered":"<p style=\"text-align: justify;\"><img loading=\"lazy\" decoding=\"async\" class=\" wp-image-24165 aligncenter\" src=\"http:\/\/mickyandoniehn.com\/radio\/wp-content\/uploads\/2022\/08\/Wilson-Choperena-300x225.jpg\" alt=\"\" width=\"851\" height=\"639\" srcset=\"https:\/\/mickyandoniehn.com\/radio\/wp-content\/uploads\/2022\/08\/Wilson-Choperena-300x225.jpg 300w, https:\/\/mickyandoniehn.com\/radio\/wp-content\/uploads\/2022\/08\/Wilson-Choperena.jpg 340w\" sizes=\"auto, (max-width: 851px) 100vw, 851px\" \/><\/p>\n<p>&nbsp;<\/p>\n<p style=\"text-align: justify;\"><strong>Fecha de Nacimiento:<\/strong> Plato, Magdalena, 25 de diciembre de 1923<\/p>\n<p style=\"text-align: justify;\"><strong>Fecha de Fallecimiento:<\/strong>\u00a0 Bogot\u00e1, 6 de diciembre de 2011<\/p>\n<div class=\"cxmmr5t8 oygrvhab hcukyx3x c1et5uql o9v6fnle\" style=\"text-align: justify;\">\n<div dir=\"auto\"><strong>Biograf\u00eda<\/strong><\/div>\n<p>&nbsp;<\/p>\n<div dir=\"auto\"><\/div>\n<div dir=\"auto\">Wilson Choperena, fue un compositor y cantante colombiano de m\u00fasica coste\u00f1a, autor de la letra de la famosa cumbia La pollera color\u00e1.<\/div>\n<div dir=\"auto\"><\/div>\n<div dir=\"auto\">Desde joven incursion\u00f3 en el canto y la composici\u00f3n. En 1956 se uni\u00f3 al director de orquesta Pedro Salcedo como cantante de planta, alcanzando \u00e9xitos en diferentes ciudades del pa\u00eds. En 1961 se traslada a Barranquilla con la orquesta de Salcedo y graba con Discos Tropical el famoso \u00e9xito La pollera color\u00e1, del cual fue autor de la letra (la m\u00fasica es del clarinetista Juan Madera), tema que le dio la vuelta al mundo y que tambi\u00e9n grabaron agrupaciones como el Cuarteto Imperial, Los Mel\u00f3dicos, El Mariachi de Rom\u00e1n Palomar, la Sonora Ponce\u00f1a, Pacheco y Fajardo, entre otras.<\/div>\n<div dir=\"auto\"><\/div>\n<\/div>\n<div class=\"cxmmr5t8 oygrvhab hcukyx3x c1et5uql o9v6fnle\" style=\"text-align: justify;\">\n<div dir=\"auto\">En mayo de 2010, la justicia colombiana resolvi\u00f3 en su contra una demanda donde Juan Madera, compositor de la m\u00fasica de la La pollera color\u00e1 reclamaba la autor\u00eda de la canci\u00f3n.<\/div>\n<div dir=\"auto\"><\/div>\n<\/div>\n<div class=\"cxmmr5t8 oygrvhab hcukyx3x c1et5uql o9v6fnle\" style=\"text-align: justify;\">\n<div dir=\"auto\">Choperena sufr\u00eda del mal de Parkinson y muri\u00f3 de muerte natural en el hospital de Las Corpas de Bogot\u00e1.<\/div>\n<p>&nbsp;<\/p>\n<div dir=\"auto\"><\/div>\n<div dir=\"auto\"><\/div>\n<\/div>\n<div class=\"cxmmr5t8 oygrvhab hcukyx3x c1et5uql o9v6fnle\" style=\"text-align: justify;\">\n<div dir=\"auto\"><strong>Wikipedia in English<\/strong><\/div>\n<p>&nbsp;<\/p>\n<\/div>\n<div dir=\"auto\" style=\"text-align: justify;\">\n<p><strong>Date of Birth:<\/strong> Plato, Magdalena, December 25, 1923<\/p>\n<p><strong>Date of Death:<\/strong> Bogot\u00e1, December 6, 2011<\/p>\n<\/div>\n<div class=\"cxmmr5t8 oygrvhab hcukyx3x c1et5uql o9v6fnle\" style=\"text-align: justify;\">\n<div dir=\"auto\"><strong>Biography<\/strong><\/div>\n<p>&nbsp;<\/p>\n<div dir=\"auto\"><\/div>\n<div dir=\"auto\">Wilson Choperena, was a Colombian composer and singer of coastal music, author of the lyrics of the famous cumbia La pollera color\u00e1. From a young age he ventured into singing and composition. In 1956 he joined the conductor Pedro Salcedo as a regular singer, achieving success in different cities of the country. In 1961 he moved to Barranquilla with the Salcedo orchestra and recorded with Discos Tropical the famous hit La pollera color\u00e1, of which he was the author of the lyrics (the music is by clarinetist Juan Madera), a theme that went around the world and that They also recorded groups such as the Imperial Quartet, Los Mel\u00f3dicos, El Mariachi de Rom\u00e1n Palomar, Sonora Ponce\u00f1a, Pacheco and Fajardo, among others.<\/div>\n<div dir=\"auto\"><\/div>\n<div dir=\"auto\">In May 2010, the Colombian courts ruled against him in a lawsuit where Juan Madera, composer of the music of La pollera color\u00e1 claimed authorship of the song.<\/div>\n<div dir=\"auto\"><\/div>\n<div dir=\"auto\">Choperena suffered from Parkinson&#8217;s disease and died a natural death in the Las Corpas hospital in Bogot\u00e1.<\/div>\n<div dir=\"auto\"><\/div>\n<\/div>\n<div class=\"cxmmr5t8 oygrvhab hcukyx3x c1et5uql o9v6fnle\" style=\"text-align: justify;\">\n<div dir=\"auto\"><strong>Discograf\u00eda<\/strong><\/div>\n<p>&nbsp;<\/p>\n<div dir=\"auto\"><\/div>\n<\/div>\n<table width=\"640\">\n<tbody>\n<tr>\n<td style=\"text-align: center;\" width=\"181\"><strong>Temas Cumbia<\/strong><\/td>\n<td style=\"text-align: center;\" width=\"296\"><strong>Escuchar tema<\/strong><\/td>\n<td style=\"text-align: center;\" width=\"163\"><strong>A\u00f1o de Publicacion<\/strong><\/td>\n<\/tr>\n<tr>\n<td style=\"text-align: center;\"><\/td>\n<td style=\"text-align: center;\"><strong>Combo del Caney<\/strong><\/td>\n<td><\/td>\n<\/tr>\n<tr>\n<td>1<\/td>\n<td>Arriba La Novia<\/td>\n<td><\/td>\n<\/tr>\n<tr>\n<td>2<\/td>\n<td>El Si Si &#8211; Si Si<\/td>\n<td><\/td>\n<\/tr>\n<tr>\n<td>3<\/td>\n<td>Esa Culebrita<\/td>\n<td><\/td>\n<\/tr>\n<tr>\n<td>4<\/td>\n<td>Yo Voy Ma\u00f1ana<\/td>\n<td><\/td>\n<\/tr>\n<tr>\n<td>5<\/td>\n<td>Mar\u00eda Morales<\/td>\n<td><\/td>\n<\/tr>\n<tr>\n<td>6<\/td>\n<td>Canasta De Flores<\/td>\n<td><\/td>\n<\/tr>\n<tr>\n<td>7<\/td>\n<td>La Danza De La Mosca<\/td>\n<td><\/td>\n<\/tr>\n<tr>\n<td>8<\/td>\n<td>El Clavo y La Pared<\/td>\n<td><\/td>\n<\/tr>\n<tr>\n<td>9<\/td>\n<td>Se\u00f1ora Juana<\/td>\n<td><\/td>\n<\/tr>\n<tr>\n<td>10<\/td>\n<td>Huelga De Mujeres<\/td>\n<td><\/td>\n<\/tr>\n<tr>\n<td><\/td>\n<td><\/td>\n<td><\/td>\n<\/tr>\n<tr>\n<td style=\"text-align: center;\"><\/td>\n<td style=\"text-align: center;\"><strong>Tengo Ganas<\/strong><\/td>\n<td style=\"text-align: center;\"><strong>1979<\/strong><\/td>\n<\/tr>\n<tr>\n<td>1<\/td>\n<td>Tengo Ganas<\/td>\n<td><\/td>\n<\/tr>\n<tr>\n<td>2<\/td>\n<td>El Pajarito<\/td>\n<td><\/td>\n<\/tr>\n<tr>\n<td><\/td>\n<td><\/td>\n<td><\/td>\n<\/tr>\n<tr>\n<td style=\"text-align: center;\"><\/td>\n<td style=\"text-align: center;\"><strong>Cumbia Universal<\/strong><\/td>\n<td style=\"text-align: center;\"><\/td>\n<\/tr>\n<tr>\n<td>1<\/td>\n<td>Cumbia Universal<\/td>\n<td><\/td>\n<\/tr>\n<tr>\n<td>2<\/td>\n<td>Lorena<\/td>\n<td><\/td>\n<\/tr>\n<tr>\n<td><\/td>\n<td><\/td>\n<td><\/td>\n<\/tr>\n<tr>\n<td style=\"text-align: center;\"><\/td>\n<td style=\"text-align: center;\"><strong>Panamericana<\/strong><\/td>\n<td><\/td>\n<\/tr>\n<tr>\n<td>1<\/td>\n<td>Panamericana<\/td>\n<td><\/td>\n<\/tr>\n<tr>\n<td>2<\/td>\n<td>Pucara<\/td>\n<td><\/td>\n<\/tr>\n<tr>\n<td><\/td>\n<td><\/td>\n<td><\/td>\n<\/tr>\n<\/tbody>\n<\/table>\n<p>&nbsp;<\/p>\n<div class=\"epyt-video-wrapper\"><iframe loading=\"lazy\"  id=\"_ytid_37094\"  width=\"618\" height=\"347\"  data-origwidth=\"618\" data-origheight=\"347\" src=\"https:\/\/www.youtube.com\/embed\/EL-qurCkxxI?enablejsapi=1&#038;autoplay=0&#038;cc_load_policy=0&#038;cc_lang_pref=&#038;iv_load_policy=1&#038;loop=0&#038;modestbranding=0&#038;rel=1&#038;fs=1&#038;playsinline=0&#038;autohide=2&#038;theme=dark&#038;color=red&#038;controls=1&#038;\" class=\"__youtube_prefs__  epyt-is-override  no-lazyload\" title=\"YouTube player\"  allow=\"fullscreen; accelerometer; autoplay; clipboard-write; encrypted-media; gyroscope; picture-in-picture\" allowfullscreen data-no-lazy=\"1\" data-skipgform_ajax_framebjll=\"\"><\/iframe><\/div>\n","protected":false},"excerpt":{"rendered":"<p>&nbsp; Fecha de Nacimiento: Plato, Magdalena, 25 de diciembre de 1923 Fecha de Fallecimiento:\u00a0 Bogot\u00e1, 6 de diciembre de 2011 Biograf\u00eda &nbsp; Wilson Choperena, fue un compositor y cantante colombiano de m\u00fasica coste\u00f1a, autor de la letra de la famosa cumbia La pollera color\u00e1. Desde joven incursion\u00f3 en el canto y la composici\u00f3n. En 1956 &hellip;<\/p>\n","protected":false},"author":1,"featured_media":24165,"comment_status":"open","ping_status":"open","sticky":false,"template":"","format":"standard","meta":{"_jetpack_memberships_contains_paid_content":false,"footnotes":""},"categories":[9,6],"tags":[],"class_list":["post-24199","post","type-post","status-publish","format-standard","has-post-thumbnail","","category-biografias","category-cumpleaneros"],"jetpack_sharing_enabled":true,"jetpack_featured_media_url":"https:\/\/mickyandoniehn.com\/radio\/wp-content\/uploads\/2022\/08\/Wilson-Choperena.jpg","_links":{"self":[{"href":"https:\/\/mickyandoniehn.com\/radio\/wp-json\/wp\/v2\/posts\/24199","targetHints":{"allow":["GET"]}}],"collection":[{"href":"https:\/\/mickyandoniehn.com\/radio\/wp-json\/wp\/v2\/posts"}],"about":[{"href":"https:\/\/mickyandoniehn.com\/radio\/wp-json\/wp\/v2\/types\/post"}],"author":[{"embeddable":true,"href":"https:\/\/mickyandoniehn.com\/radio\/wp-json\/wp\/v2\/users\/1"}],"replies":[{"embeddable":true,"href":"https:\/\/mickyandoniehn.com\/radio\/wp-json\/wp\/v2\/comments?post=24199"}],"version-history":[{"count":7,"href":"https:\/\/mickyandoniehn.com\/radio\/wp-json\/wp\/v2\/posts\/24199\/revisions"}],"predecessor-version":[{"id":49225,"href":"https:\/\/mickyandoniehn.com\/radio\/wp-json\/wp\/v2\/posts\/24199\/revisions\/49225"}],"wp:featuredmedia":[{"embeddable":true,"href":"https:\/\/mickyandoniehn.com\/radio\/wp-json\/wp\/v2\/media\/24165"}],"wp:attachment":[{"href":"https:\/\/mickyandoniehn.com\/radio\/wp-json\/wp\/v2\/media?parent=24199"}],"wp:term":[{"taxonomy":"category","embeddable":true,"href":"https:\/\/mickyandoniehn.com\/radio\/wp-json\/wp\/v2\/categories?post=24199"},{"taxonomy":"post_tag","embeddable":true,"href":"https:\/\/mickyandoniehn.com\/radio\/wp-json\/wp\/v2\/tags?post=24199"}],"curies":[{"name":"wp","href":"https:\/\/api.w.org\/{rel}","templated":true}]}}