{"id":23737,"date":"2022-07-30T06:12:39","date_gmt":"2022-07-30T12:12:39","guid":{"rendered":"http:\/\/mickyandoniehn.com\/radio\/2022\/07\/30\/la-obesidad-si-se-puede-tratar-de-la-mano-de-un-profesional-de-la-salud-2\/"},"modified":"2022-07-30T06:12:39","modified_gmt":"2022-07-30T12:12:39","slug":"la-obesidad-si-se-puede-tratar-de-la-mano-de-un-profesional-de-la-salud-2","status":"publish","type":"post","link":"https:\/\/mickyandoniehn.com\/radio\/2022\/07\/30\/la-obesidad-si-se-puede-tratar-de-la-mano-de-un-profesional-de-la-salud-2\/","title":{"rendered":"La obesidad si se puede tratar de la mano de un profesional de la salud"},"content":{"rendered":"<p><strong>Tegucigalpa,Honduras s\u00e1bado 30 julio 2022<\/strong><\/p>\n<\/p>\n<p>La actividad f\u00edsica es parte del proceso para tratar la obesidad.<\/p>\n<p>El 4 de marzo se celebr\u00f3 el D\u00eda Mundial de la Obesidad, una fecha que busca generar reflexi\u00f3n colectiva, eliminar prejuicios sobre esta enfermedad e incentivar, tanto a las personas que viven con sobrepeso y obesidad como a los profesionales de la salud, a la b\u00fasqueda constante de tratamientos para su control.<\/p>\n<p>\u201cLa obesidad puede abordarse y tratarse de forma efectiva con los tratamientos y procedimientos adecuados, aprobados y supervisados por un experto\u201d coment\u00f3 el Dr. Eric Pasco, Gerente M\u00e9dico de Novo Nordisk CLAT, quien asegura que son muchas las personas quienes tienen la falsa creencia de que deben vivir con esta condici\u00f3n de por vida, sin embargo, no es as\u00ed. \u201cLa obesidad es una enfermedad que requiere un tratamiento a largo a plazo y multidisciplinario, para poder abordar al menos cuatro factores espec\u00edficos entorno a \u00e9sta, como lo son: la alimentaci\u00f3n, la actividad f\u00edsica, la salud mental y el tratamiento m\u00e9dico\u201d.<\/p>\n<p><strong>TRATAMIENTO MULTIDISCIPLINARIO<\/strong><\/p>\n<p>Con frecuencia la obesidad est\u00e1 acompa\u00f1ada por depresi\u00f3n, ansiedad y trastornos alimenticios, es por ello que en estos casos el acompa\u00f1amiento psicol\u00f3gico resulta muy relevante durante el proceso. Adem\u00e1s, puede existir una relaci\u00f3n entre el desorden de atrac\u00f3n, la insatisfacci\u00f3n corporal, la restricci\u00f3n de alimentos y la depresi\u00f3n, al tratar estas condiciones se lograr\u00e1n mejores resultados.<\/p>\n<p>De igual manera, la alimentaci\u00f3n saludable y balanceada es un factor relevante en el tratamiento de esta condici\u00f3n ya que la ingesta de alimentos de gran contenido cal\u00f3rico y grasas es uno de los factores que se asocian con la obesidad. Se recomienda el acompa\u00f1amiento del profesional en nutrici\u00f3n para la personalizaci\u00f3n del plan de alimenticio. Esto es necesario ya que durante el proceso se modular\u00e1n los h\u00e1bitos del paciente de forma peri\u00f3dica, manteniendo un control y monitoreo seguro.<\/p>\n<p>En cuanto al ejercicio, al igual que los puntos anteriores, se basa en un proceso gradual que puede iniciar con el aumento de la actividad en las tareas diarias, como: las realizadas en el hogar, lugar de trabajo o transporte, sin embargo, posteriormente se recomienda introducir sesiones de actividad f\u00edsica de 150 minutos semanales seg\u00fan la capacidad de cada individuo. Lo ideal es que \u00e9stas resulten placenteras o atractivas para asegurar su constancia a lo largo del tiempo.<\/p>\n<p>Referente al acompa\u00f1amiento m\u00e9dico, este busca enfocarse en la salud integral del paciente, as\u00ed como en el tratamiento farmacol\u00f3gico adecuado, el cual complementa los factores anteriores mencionados, y \u00e9ste debe ser analizado y aprobado por un profesional de la salud ya que el paciente debe tener una supervisi\u00f3n minuciosa durante el proceso.<\/p>\n<p>Existe una ciencia compleja y desconocida acerca de lo que significa vivir bajo las limitaciones de la obesidad. \u201cNo se trata de comer menos y moverse m\u00e1s, sino que se debe fomentar un estilo de vida saludable, y el acompa\u00f1amiento de un profesional de la salud es fundamental, para detectar todos los aspectos que est\u00e1n interviniendo en el desarrollo de la misma\u201d enfatiz\u00f3 la Dra. Ileana Chiari, Directora M\u00e9dica de Novo Nordisk para Centro Am\u00e9rica y El Caribe. \u201cHay muchas personas que, a pesar de hacer ejercicio, e intentar tener un r\u00e9gimen de alimentaci\u00f3n adecuada no logran tener un peso saludable, y justamente es porque en esta enfermedad intervienen otros factores que \u00fanicamente un experto especializado en su tratamiento puede atender\u201d.<\/p>\n<p>La obesidad va m\u00e1s all\u00e1 de las caracter\u00edsticas f\u00edsicas evidentes, es por ello por lo que lo invitamos a https:\/\/ www.truthaboutweight.global\/pa\/ es.html, una iniciativa de Novo Nordisk\u00ae que busca concientizar acerca de esta enfermedad y el estigma que le acompa\u00f1a.<\/p>\n<p>Por su parte la Dra. Mar\u00eda Alejandra Ramos, endocrin\u00f3loga, docente y coordinadora del Servicio de Endocrinolog\u00eda del Hospital Escuela, explic\u00f3 que lamentablemente en nuestro pa\u00eds tenemos poco acceso a estad\u00edstica sobre las diferentes enfermedades en general; pero en su experiencia en la consulta ha notado la renuencia de las personas a recibir apoyo psicol\u00f3gico o educaci\u00f3n psicol\u00f3gica sobre su relaci\u00f3n con la comida.<\/p>\n<p>En cuanto a las cifras de Honduras de personas que padecen obesidad, se\u00f1al\u00f3 que los \u00faltimos datos son de la ENDESA 2011 sin embrago en el 2016 se realiz\u00f3 un estudio sobre los costos de la diabetes en Honduras revis\u00e1ndose datos del IHSS, Hospital Catarino Rivas y Hospital Escuela y se calcul\u00f3 que un 11% de los hondure\u00f1os tiene obesidad o sobrepeso.<\/p>\n<p>\u201cLastimosamente en nuestro pa\u00eds no es tan com\u00fan que las personas busquen ayuda por problemas de obesidad, existe la percepci\u00f3n que para encontrar ayuda deben de dejar de comer o \u201csacrificarse\u201d por lo que no tenemos a\u00fan la cultura de buscar manejo de expertos, se hace m\u00e1s f\u00e1cil buscar la \u201cpastillita m\u00e1gica\u201d, anot\u00f3.<\/p>\n<p>Al consultarle si debe existir alg\u00fan tratamiento farmacol\u00f3gico o es posible tratar con ejercicio y cambios en la alimentaci\u00f3n, la especialista, manifest\u00f3 que existen opciones de tratamiento farmacol\u00f3gico aprobadas por FDA disponibles en nuestro pa\u00eds, orientadas a la supresi\u00f3n del apetito, evitar la absorci\u00f3n de las grasas y otros que van encaminados a lograr mejorar la respuesta de saciedad.<\/p>\n<p>En cuanto a la necesidad de una cirug\u00eda, explic\u00f3 que el enfoque es distinto, la cirug\u00eda no es la \u00faltima opci\u00f3n, sino una m\u00e1s; en pacientes que cumplen con los criterios para realiz\u00e1rsela, un paciente puede lograr su peso meta con cambios en el estilo de vida con o sin tratamiento farmacol\u00f3gico, pero a veces de entrada por tener obesidad m\u00f3rbida grado II y III o grado I m\u00e1s diabetes o hipertensi\u00f3n pueden ser candidatos a la cirug\u00eda sobre todo para mantener los resultados a largo plazo.<\/p>\n<p>Para culminar anot\u00f3 que en Honduras existen varias opciones de centros en cl\u00ednicas y hospitales a nivel privado para tratar la obesidad, as\u00ed como en el Hospital Escuela donde cuentan con un servicio de nutrici\u00f3n y endocrinolog\u00eda.<\/p>\n<p><strong>Fuente: La Tribuna<\/strong><\/p>\n","protected":false},"excerpt":{"rendered":"<p>Tegucigalpa,Honduras s\u00e1bado 30 julio 2022 La actividad f\u00edsica es parte del proceso para tratar la obesidad. El 4 de marzo se celebr\u00f3 el D\u00eda Mundial de la Obesidad, una fecha que busca generar reflexi\u00f3n colectiva, eliminar prejuicios sobre esta enfermedad e incentivar, tanto a las personas que viven con sobrepeso y obesidad como a los &hellip;<\/p>\n","protected":false},"author":0,"featured_media":23738,"comment_status":"open","ping_status":"open","sticky":false,"template":"","format":"standard","meta":{"_jetpack_memberships_contains_paid_content":false,"footnotes":""},"categories":[5],"tags":[],"class_list":["post-23737","post","type-post","status-publish","format-standard","has-post-thumbnail","","category-noticias"],"jetpack_sharing_enabled":true,"jetpack_featured_media_url":"https:\/\/mickyandoniehn.com\/radio\/wp-content\/uploads\/2022\/07\/Unknown-31-VEMFyl.jpeg","_links":{"self":[{"href":"https:\/\/mickyandoniehn.com\/radio\/wp-json\/wp\/v2\/posts\/23737","targetHints":{"allow":["GET"]}}],"collection":[{"href":"https:\/\/mickyandoniehn.com\/radio\/wp-json\/wp\/v2\/posts"}],"about":[{"href":"https:\/\/mickyandoniehn.com\/radio\/wp-json\/wp\/v2\/types\/post"}],"replies":[{"embeddable":true,"href":"https:\/\/mickyandoniehn.com\/radio\/wp-json\/wp\/v2\/comments?post=23737"}],"version-history":[{"count":0,"href":"https:\/\/mickyandoniehn.com\/radio\/wp-json\/wp\/v2\/posts\/23737\/revisions"}],"wp:featuredmedia":[{"embeddable":true,"href":"https:\/\/mickyandoniehn.com\/radio\/wp-json\/wp\/v2\/media\/23738"}],"wp:attachment":[{"href":"https:\/\/mickyandoniehn.com\/radio\/wp-json\/wp\/v2\/media?parent=23737"}],"wp:term":[{"taxonomy":"category","embeddable":true,"href":"https:\/\/mickyandoniehn.com\/radio\/wp-json\/wp\/v2\/categories?post=23737"},{"taxonomy":"post_tag","embeddable":true,"href":"https:\/\/mickyandoniehn.com\/radio\/wp-json\/wp\/v2\/tags?post=23737"}],"curies":[{"name":"wp","href":"https:\/\/api.w.org\/{rel}","templated":true}]}}