{"id":23610,"date":"2023-10-05T08:30:00","date_gmt":"2023-10-05T14:30:00","guid":{"rendered":"https:\/\/mickyandoniehn.com\/radio\/?p=23610"},"modified":"2023-02-03T09:54:17","modified_gmt":"2023-02-03T15:54:17","slug":"marie-laforet-2","status":"publish","type":"post","link":"https:\/\/mickyandoniehn.com\/radio\/2023\/10\/05\/marie-laforet-2\/","title":{"rendered":"Marie Lafor\u00eat"},"content":{"rendered":"<p style=\"text-align: justify;\"><img loading=\"lazy\" decoding=\"async\" class=\" wp-image-23604 aligncenter\" src=\"http:\/\/mickyandoniehn.com\/radio\/wp-content\/uploads\/2022\/07\/Marie-Laforet-244x300.jpg\" alt=\"\" width=\"536\" height=\"659\" srcset=\"https:\/\/mickyandoniehn.com\/radio\/wp-content\/uploads\/2022\/07\/Marie-Laforet-244x300.jpg 244w, https:\/\/mickyandoniehn.com\/radio\/wp-content\/uploads\/2022\/07\/Marie-Laforet.jpg 533w\" sizes=\"auto, (max-width: 536px) 100vw, 536px\" \/><\/p>\n<p>&nbsp;<\/p>\n<p style=\"text-align: justify;\"><strong>Fecha de Nacimiento<\/strong>\u00a0\u00a0\u00a0 5 de octubre de 1939<\/p>\n<p style=\"text-align: justify;\"><strong>Fecha de Fallecimiento<\/strong> 2 de noviembre de 2019 (80 a\u00f1os)<\/p>\n<p style=\"text-align: justify;\"><strong>Biograf\u00eda<\/strong><\/p>\n<p style=\"text-align: justify;\">Fue una cantante y actriz francesa. Su carrera comenz\u00f3, por casualidad, en 1959 cuando reemplaz\u00f3 a su hermana a \u00faltima hora en el concurso de la radio francesa Naissance d&#8217;une \u00e9toile (Nacimiento de una estrella) y gan\u00f3. El director Louis Malle la seleccion\u00f3 para la pel\u00edcula que filmaba en aquel momento, Libert\u00e9, proyecto que finalmente \u00e9l abandon\u00f3, haciendo que la primera aparici\u00f3n de Lafor\u00eat en la pantalla fuera con el actor Alain Delon en el drama de Ren\u00e9 Cl\u00e9ment, Plein Soleil (A pleno sol).<\/p>\n<p style=\"text-align: justify;\">Despu\u00e9s de esta pel\u00edcula se volvi\u00f3 muy popular e interpret\u00f3 muchos papeles en la d\u00e9cada de 1960. Se cas\u00f3 con el director Jean-Gabriel Albicocco, quien la utiliz\u00f3 en sus propios trabajos, incluyendo La Fille aux yeux d&#8217;or (La chica de los ojos dorados), basada en la historia de Balzac, y que se convertir\u00eda posteriormente en el sobrenombre de Lafor\u00eat.<\/p>\n<p style=\"text-align: justify;\">En su segunda pel\u00edcula, Saint Tropez Blues, acompa\u00f1ada por un joven Jacques Higelin en la guitarra, interpret\u00f3 la canci\u00f3n con el t\u00edtulo de la pel\u00edcula y a partir de ah\u00ed comenz\u00f3 a grabar sencillos. Su primer \u00e9xito lo obtuvo en 1963 con \u00abLes Vendanges de l&#8217;amour\u00bb que en los pa\u00edses de habla espa\u00f1ola se lanz\u00f3 (con gran \u00e9xito tambi\u00e9n) con el t\u00edtulo \u00abY volvamos al amor\u00bb.<\/p>\n<p style=\"text-align: justify;\"><b>Date of Birth<\/b> October 5, 1939<\/p>\n<p style=\"text-align: justify;\"><strong>Date of Died<\/strong> November 2, 2019 (80 years old)<\/p>\n<p style=\"text-align: justify;\"><strong>Biography<\/strong><\/p>\n<p style=\"text-align: justify;\">She was a French singer and actress. Her career began, by chance, in 1959 when she replaced her sister at the last minute in the French radio contest Naissance d&#8217;une \u00e9toile (Birth of a Star) and won. Director Louis Malle cast her in the film he was shooting at the time, Libert\u00e9, a project he eventually abandoned, making Lafor\u00eat&#8217;s first appearance on screen opposite actor Alain Delon in Ren\u00e9 Cl\u00e9ment&#8217;s drama Plein Soleil (A full sun).<\/p>\n<p style=\"text-align: justify;\">After this film she became very popular and played many roles in the 1960s. She married director Jean-Gabriel Albicocco, who used her in his own works, including La Fille aux yeux d&#8217;or (The Girl with the Blue Eyes). gold), based on the Balzac story, and which would later become Lafor\u00eat&#8217;s nickname.<\/p>\n<p style=\"text-align: justify;\">In her second film, Saint Tropez Blues, accompanied by a young Jacques Higelin on guitar, she performed the film&#8217;s title song and from there began recording singles. His first success was in 1963 with &#8220;Les Vendanges de l&#8217;amour&#8221; which was launched in Spanish-speaking countries (also with great success) under the title &#8220;Y volvamos al amor&#8221;.<\/p>\n<p style=\"text-align: justify;\"><strong>Discograf\u00eda<\/strong><\/p>\n<table width=\"912\">\n<tbody>\n<tr>\n<td style=\"text-align: center;\" width=\"98\"><strong>G\u00e9nero Pop<\/strong><\/td>\n<td style=\"text-align: center;\" width=\"717\"><strong>Escuchar Tema<\/strong><\/td>\n<td style=\"text-align: center;\" width=\"97\"><strong>A\u00f1o de Publicaci\u00f3n<\/strong><\/td>\n<\/tr>\n<tr>\n<td style=\"text-align: center;\"><\/td>\n<td style=\"text-align: center;\"><strong>Sencillos y EP<\/strong><\/td>\n<td style=\"text-align: center;\"><\/td>\n<\/tr>\n<tr>\n<td><\/td>\n<td><\/td>\n<td><\/td>\n<\/tr>\n<tr>\n<td>1<\/td>\n<td>Saint-Tropez Blues \/ Tumbleweed<\/td>\n<td>1960<\/td>\n<\/tr>\n<tr>\n<td>2<\/td>\n<td>Tu fais semblant &#8211; Les vendanges de l&#8217;amour \/ Mary Ann &#8211; Les jeunes filles<\/td>\n<td>1963<\/td>\n<\/tr>\n<tr>\n<td>3<\/td>\n<td>Blowin&#8217; in the Wind &#8211; Flora \/ House of the Rising Sun &#8211; Banks on the Ohio<\/td>\n<td>1963<\/td>\n<\/tr>\n<tr>\n<td>4<\/td>\n<td>Au coeur de l&#8217;automne &#8211; L&#8217;amour en fleurs \/ Qu&#8217;est-ce qui fait pleurer les filles &#8211; Mais si loin de moi<\/td>\n<td>1963<\/td>\n<\/tr>\n<tr>\n<td>5<\/td>\n<td>La vendemmia dell&#8217;amore &#8211; E giusto \/ Una noia senza fine &#8211; Che male c&#8217;e<\/td>\n<td>1963<\/td>\n<\/tr>\n<tr>\n<td>6<\/td>\n<td>Viens sur la montagne &#8211; Les noces de campagne \/ Un amour qui s&#8217;\u00e9teint &#8211; L&#8217;amour qu&#8217;il fera demain<\/td>\n<td>1964<\/td>\n<\/tr>\n<tr>\n<td>7<\/td>\n<td>La tendresse &#8211; La playa \/ Apr\u00e8s toi qui sait &#8211; L&#8217;arbre qui pleure<\/td>\n<td>1964<\/td>\n<\/tr>\n<tr>\n<td>8<\/td>\n<td>Katy cruelle &#8211; Entre toi et moi \/ La bague au doigt &#8211; Ma chanson faite pour toi<\/td>\n<td>1965<\/td>\n<\/tr>\n<tr>\n<td>9<\/td>\n<td>Ah ! Dites, dites &#8211; Julie Cr\u00e8vecoeur \/ Viens &#8211; \u00c0 demain my darling<\/td>\n<td>1965<\/td>\n<\/tr>\n<tr>\n<td>10<\/td>\n<td>La plage \/ Apr\u00e8s toi, qui sait<\/td>\n<td>1965<\/td>\n<\/tr>\n<tr>\n<td>11<\/td>\n<td>La voix du silence (The Sound of Silence) &#8211; Siffle, siffle ma fille \/ Je t&#8217;attends &#8211; L&#8217;orage<\/td>\n<td>1966<\/td>\n<\/tr>\n<tr>\n<td>12<\/td>\n<td>Marie-douceur, Marie-col\u00e8re (Paint It, Black) &#8211; Toi qui dors \/ Je voudrais tant que tu comprennes &#8211; La moisson<\/td>\n<td>1966<\/td>\n<\/tr>\n<tr>\n<td>13<\/td>\n<td>Manchester et Liverpool &#8211; Pourquoi ces nuages \/ Prenons le temps &#8211; Sur les chemins des Andes<\/td>\n<td>1966<\/td>\n<\/tr>\n<tr>\n<td>14<\/td>\n<td>Mon amour, mon ami &#8211; S\u00e9bastien \/ Je suis folle de vous &#8211; Mon village au fond de l&#8217;eau<\/td>\n<td>1966<\/td>\n<\/tr>\n<tr>\n<td>15<\/td>\n<td>Ivan, Boris et moi &#8211; Je ne peux rien promettre \/ Pour celui qui viendra &#8211; Tom<\/td>\n<td>1967<\/td>\n<\/tr>\n<tr>\n<td>16<\/td>\n<td>Le lit de Lola &#8211; Qu&#8217;y-a-t-il de chang\u00e9 \/ Et si je t&#8217;aime &#8211; A la gare de Manhattan<\/td>\n<td>1968<\/td>\n<\/tr>\n<tr>\n<td>17<\/td>\n<td>El polo &#8211; L&#8217;air que tu jouais pour moi \/ Le tengo rabia al silencio &#8211; House of the rising sun<\/td>\n<td>1968<\/td>\n<\/tr>\n<tr>\n<td>18<\/td>\n<td>Que calor la vida &#8211; Mais mon coeur est vide \/ La valse des petits chiens blancs &#8211; Requiem pour trois mariages<\/td>\n<td>1968<\/td>\n<\/tr>\n<tr>\n<td>19<\/td>\n<td>Au printemps &#8211; Roselyne \/ Feuilles d&#8217;or &#8211; D&#8217;\u00eatre \u00e0 vous<\/td>\n<td>1969<\/td>\n<\/tr>\n<tr>\n<td><\/td>\n<td><\/td>\n<td><\/td>\n<\/tr>\n<\/tbody>\n<\/table>\n","protected":false},"excerpt":{"rendered":"<p>&nbsp; Fecha de Nacimiento\u00a0\u00a0\u00a0 5 de octubre de 1939 Fecha de Fallecimiento 2 de noviembre de 2019 (80 a\u00f1os) Biograf\u00eda Fue una cantante y actriz francesa. Su carrera comenz\u00f3, por casualidad, en 1959 cuando reemplaz\u00f3 a su hermana a \u00faltima hora en el concurso de la radio francesa Naissance d&#8217;une \u00e9toile (Nacimiento de una estrella) &hellip;<\/p>\n","protected":false},"author":1,"featured_media":23604,"comment_status":"open","ping_status":"open","sticky":false,"template":"","format":"standard","meta":{"_jetpack_memberships_contains_paid_content":false,"footnotes":""},"categories":[9,6],"tags":[],"class_list":["post-23610","post","type-post","status-publish","format-standard","has-post-thumbnail","","category-biografias","category-cumpleaneros"],"jetpack_sharing_enabled":true,"jetpack_featured_media_url":"https:\/\/mickyandoniehn.com\/radio\/wp-content\/uploads\/2022\/07\/Marie-Laforet.jpg","_links":{"self":[{"href":"https:\/\/mickyandoniehn.com\/radio\/wp-json\/wp\/v2\/posts\/23610","targetHints":{"allow":["GET"]}}],"collection":[{"href":"https:\/\/mickyandoniehn.com\/radio\/wp-json\/wp\/v2\/posts"}],"about":[{"href":"https:\/\/mickyandoniehn.com\/radio\/wp-json\/wp\/v2\/types\/post"}],"author":[{"embeddable":true,"href":"https:\/\/mickyandoniehn.com\/radio\/wp-json\/wp\/v2\/users\/1"}],"replies":[{"embeddable":true,"href":"https:\/\/mickyandoniehn.com\/radio\/wp-json\/wp\/v2\/comments?post=23610"}],"version-history":[{"count":5,"href":"https:\/\/mickyandoniehn.com\/radio\/wp-json\/wp\/v2\/posts\/23610\/revisions"}],"predecessor-version":[{"id":49207,"href":"https:\/\/mickyandoniehn.com\/radio\/wp-json\/wp\/v2\/posts\/23610\/revisions\/49207"}],"wp:featuredmedia":[{"embeddable":true,"href":"https:\/\/mickyandoniehn.com\/radio\/wp-json\/wp\/v2\/media\/23604"}],"wp:attachment":[{"href":"https:\/\/mickyandoniehn.com\/radio\/wp-json\/wp\/v2\/media?parent=23610"}],"wp:term":[{"taxonomy":"category","embeddable":true,"href":"https:\/\/mickyandoniehn.com\/radio\/wp-json\/wp\/v2\/categories?post=23610"},{"taxonomy":"post_tag","embeddable":true,"href":"https:\/\/mickyandoniehn.com\/radio\/wp-json\/wp\/v2\/tags?post=23610"}],"curies":[{"name":"wp","href":"https:\/\/api.w.org\/{rel}","templated":true}]}}