{"id":23106,"date":"2024-08-16T08:00:07","date_gmt":"2024-08-16T14:00:07","guid":{"rendered":"https:\/\/mickyandoniehn.com\/radio\/?p=23106"},"modified":"2024-07-25T11:45:38","modified_gmt":"2024-07-25T17:45:38","slug":"reynaldo-egas","status":"publish","type":"post","link":"https:\/\/mickyandoniehn.com\/radio\/2024\/08\/16\/reynaldo-egas\/","title":{"rendered":"Reynaldo Egas"},"content":{"rendered":"<p><img loading=\"lazy\" decoding=\"async\" class=\" wp-image-75357\" src=\"http:\/\/mickyandoniehn.com\/radio\/wp-content\/uploads\/2023\/08\/Reynaldo-Egas-300x300.jpg\" alt=\"\" width=\"532\" height=\"532\" srcset=\"https:\/\/mickyandoniehn.com\/radio\/wp-content\/uploads\/2023\/08\/Reynaldo-Egas-300x300.jpg 300w, https:\/\/mickyandoniehn.com\/radio\/wp-content\/uploads\/2023\/08\/Reynaldo-Egas-1024x1024.jpg 1024w, https:\/\/mickyandoniehn.com\/radio\/wp-content\/uploads\/2023\/08\/Reynaldo-Egas-150x150.jpg 150w, https:\/\/mickyandoniehn.com\/radio\/wp-content\/uploads\/2023\/08\/Reynaldo-Egas-768x768.jpg 768w, https:\/\/mickyandoniehn.com\/radio\/wp-content\/uploads\/2023\/08\/Reynaldo-Egas.jpg 1200w\" sizes=\"auto, (max-width: 532px) 100vw, 532px\" \/><\/p>\n<p>&nbsp;<\/p>\n<div class=\"cxmmr5t8 oygrvhab hcukyx3x c1et5uql o9v6fnle\" style=\"text-align: justify;\">\n<div dir=\"auto\"><strong>Fecha de Nacimiento:<\/strong> Guayaquil, 16 de agosto de 1965<\/div>\n<p>&nbsp;<\/p>\n<div dir=\"auto\"><\/div>\n<div dir=\"auto\"><strong>Fecha de Fallecimiento:<\/strong> Ibidem, 15 de julio de 2006<\/div>\n<p>&nbsp;<\/p>\n<div dir=\"auto\"><\/div>\n<\/div>\n<div class=\"cxmmr5t8 oygrvhab hcukyx3x c1et5uql o9v6fnle\" style=\"text-align: justify;\">\n<div dir=\"auto\"><strong>Biograf\u00eda:<\/strong><\/div>\n<p>&nbsp;<\/p>\n<div dir=\"auto\"><\/div>\n<div dir=\"auto\">Su carrera musical se inici\u00f3 en 1986 cuando grab\u00f3 el sencillo &#8220;El Qu\u00edmico&#8221;, un material de g\u00e9nero pop rock. El tema fue compuesto por Miguel Valdiviezo, vocalista del grupo Taller, y musicalizado por el Grupo Clip. Posteriormente difundi\u00f3 su tema &#8220;Organizar&#8221;.<\/div>\n<p>&nbsp;<\/p>\n<div dir=\"auto\"><\/div>\n<\/div>\n<div class=\"cxmmr5t8 oygrvhab hcukyx3x c1et5uql o9v6fnle\" style=\"text-align: justify;\">\n<div dir=\"auto\">En 1987, Egas obtuvo el segundo lugar en el Cap\u00edtulo OTI Ecuador con la canci\u00f3n &#8220;A esta guerra s\u00ed voy&#8221;. En 1990 public\u00f3 &#8220;Sin poder&#8221;, que como particularidad, fue el primer videoclip de un int\u00e9rprete nacional grabado en formato de cine. Particip\u00f3 en varias telenovelas y series como Una mujer y A la Costa, basada en la novela hist\u00f3rica del escritor ambate\u00f1o Luis Alfredo Mart\u00ednez. Particip\u00f3 tambi\u00e9n en Flores secas, El rey de la playa y Emergencias. Represent\u00f3 al Ecuador como invitado en el International Festival Curacao Song. Tras varios a\u00f1os de actividad art\u00edstica, dividida entre el canto y la actuaci\u00f3n, Egas incursion\u00f3 tambi\u00e9n en los g\u00e9neros de rancheras y baladas. El 16 de febrero de 2003, particip\u00f3 en la premiaci\u00f3n de TC Televisi\u00f3n a los int\u00e9rpretes ecuatorianos de mayor popularidad, trayectoria y aceptaci\u00f3n.<\/div>\n<p>&nbsp;<\/p>\n<div dir=\"auto\"><\/div>\n<\/div>\n<div class=\"cxmmr5t8 oygrvhab hcukyx3x c1et5uql o9v6fnle\" style=\"text-align: justify;\">\n<div dir=\"auto\">El 22 de mayo de 2006 hab\u00eda mencionado en una entrevista a Diario El Universo que el tema &#8220;Ens\u00e9\u00f1ame el camino&#8221; iba a ser el promocional de su \u00e1lbum, en el cual trabajaba con el productor y m\u00fasico argentino Daniel Sais. sin embargo el 15 de julio de 2006, a la prematura edad de 40 a\u00f1os, muri\u00f3 a causa de un edema agudo pulmonar y una insuficiencia card\u00edaca.<\/div>\n<p>&nbsp;<\/p>\n<div dir=\"auto\"><\/div>\n<\/div>\n<div class=\"cxmmr5t8 oygrvhab hcukyx3x c1et5uql o9v6fnle\" style=\"text-align: justify;\">\n<div dir=\"auto\"><\/div>\n<\/div>\n<div class=\"cxmmr5t8 oygrvhab hcukyx3x c1et5uql o9v6fnle\" style=\"text-align: justify;\">\n<div dir=\"auto\"><strong>Date of Birth:<\/strong> Guayaquil, August 16, 1965<\/div>\n<p>&nbsp;<\/p>\n<div dir=\"auto\"><\/div>\n<div dir=\"auto\"><strong>Date of Death:<\/strong> Ibidem, July 15, 2006<\/div>\n<p>&nbsp;<\/p>\n<div dir=\"auto\"><\/div>\n<\/div>\n<div class=\"cxmmr5t8 oygrvhab hcukyx3x c1et5uql o9v6fnle\" style=\"text-align: justify;\">\n<div dir=\"auto\"><strong>Biography:<\/strong><\/div>\n<p>&nbsp;<\/p>\n<div dir=\"auto\"><\/div>\n<div dir=\"auto\">His musical career began in 1986 when he recorded the single &#8220;El Qu\u00edmico&#8221;, a pop rock genre material. The song was composed by Miguel Valdiviezo, vocalist of the Taller group, and set to music by Grupo Clip. Later he spread his theme &#8220;Organize&#8221;.<\/div>\n<p>&nbsp;<\/p>\n<div dir=\"auto\"><\/div>\n<\/div>\n<div class=\"cxmmr5t8 oygrvhab hcukyx3x c1et5uql o9v6fnle\" style=\"text-align: justify;\">\n<div dir=\"auto\">In 1987, Egas obtained second place in the OTI Ecuador Chapter with the song &#8220;A esta guerra si voy&#8221;. In 1990 he published &#8220;Without power&#8221;, which as a peculiarity, was the first video clip of a national interpreter recorded in film format. He participated in several soap operas and series such as Una mujer and A la Costa, based on the historical novel by the Ambate\u00f1o writer Luis Alfredo Mart\u00ednez. He also participated in Flores secas, El rey de la playa and Emergencias. He represented Ecuador as a guest at the Curacao International Song Festival. After several years of artistic activity, divided between singing and acting, Egas also ventured into the genres of rancheras and ballads. On February 16, 2003, he participated in TC Televisi\u00f3n&#8217;s award to the Ecuadorian interpreters with the greatest popularity, trajectory and acceptance.<\/div>\n<p>&nbsp;<\/p>\n<div dir=\"auto\"><\/div>\n<\/div>\n<div class=\"cxmmr5t8 oygrvhab hcukyx3x c1et5uql o9v6fnle\" style=\"text-align: justify;\">\n<div dir=\"auto\">On May 22, 2006, he had mentioned in an interview with Diario El Universo that the song &#8220;Ens\u00e9\u00f1ame el camino&#8221; was going to be the promo for his album, in which he worked with the Argentine producer and musician Daniel Sais. On July 2006, at the premature age of 40, he died a cause of acute pulmonary edema and heart failure.<\/div>\n<\/div>\n<p>&nbsp;<\/p>\n<div dir=\"auto\">\n<p><strong>Discograf\u00eda:<\/strong><\/p>\n<table width=\"737\">\n<tbody>\n<tr>\n<td style=\"text-align: center;\" width=\"182\"><b>Temas\u00a0 Rock, pop rock, techno, baladas<\/b><\/td>\n<td style=\"text-align: center;\" width=\"391\"><strong>Escuchar tema<\/strong><\/td>\n<td style=\"text-align: center;\" width=\"164\"><strong>A\u00f1o de Publicaci\u00f3n<\/strong><\/td>\n<\/tr>\n<tr>\n<td style=\"text-align: center;\"><\/td>\n<td style=\"text-align: center;\"><strong>Sobrenatural<\/strong><\/td>\n<td style=\"text-align: center;\"><strong>1996<\/strong><\/td>\n<\/tr>\n<tr>\n<td>1<\/td>\n<td>Vete Con \u00c9l<\/td>\n<td><\/td>\n<\/tr>\n<tr>\n<td>2<\/td>\n<td>Sin Poder<\/td>\n<td><\/td>\n<\/tr>\n<tr>\n<td>3<\/td>\n<td>Necesito Gasolina<\/td>\n<td><\/td>\n<\/tr>\n<tr>\n<td>4<\/td>\n<td>El Qu\u00edmico<\/td>\n<td><\/td>\n<\/tr>\n<tr>\n<td>5<\/td>\n<td>Sobrenatural<\/td>\n<td><\/td>\n<\/tr>\n<tr>\n<td>6<\/td>\n<td>Temperatura<\/td>\n<td><\/td>\n<\/tr>\n<tr>\n<td>7<\/td>\n<td>Gritos De Am\u00e9rica<\/td>\n<td><\/td>\n<\/tr>\n<tr>\n<td>8<\/td>\n<td>\u00c1rabe<\/td>\n<td><\/td>\n<\/tr>\n<tr>\n<td>9<\/td>\n<td>\u00bfQu\u00e9 Podr\u00eda Hacer Sin Ti?<\/td>\n<td><\/td>\n<\/tr>\n<tr>\n<td>10<\/td>\n<td>Sin Poder (Instrumental)<\/td>\n<td><\/td>\n<\/tr>\n<tr>\n<td>11<\/td>\n<td>Temperatura (Remix)<\/td>\n<td><\/td>\n<\/tr>\n<tr>\n<td><\/td>\n<td><\/td>\n<td><\/td>\n<\/tr>\n<tr>\n<td style=\"text-align: center;\"><\/td>\n<td style=\"text-align: center;\"><strong>Reynaldo Es As\u00ed<\/strong><\/td>\n<td style=\"text-align: center;\"><strong>1999<\/strong><\/td>\n<\/tr>\n<tr>\n<td>1<\/td>\n<td>Ave Mar\u00eda Lola<\/td>\n<td><\/td>\n<\/tr>\n<tr>\n<td>2<\/td>\n<td>As\u00ed<\/td>\n<td><\/td>\n<\/tr>\n<tr>\n<td>3<\/td>\n<td>Adi\u00f3s, Hoy Sobran Las Palabras<\/td>\n<td><\/td>\n<\/tr>\n<tr>\n<td>4<\/td>\n<td>Tu Rica Boca<\/td>\n<td><\/td>\n<\/tr>\n<tr>\n<td>5<\/td>\n<td>El Coraz\u00f3n Es Un Gitano<\/td>\n<td><\/td>\n<\/tr>\n<tr>\n<td>6<\/td>\n<td>Te Quiero, Te Quiero<\/td>\n<td><\/td>\n<\/tr>\n<tr>\n<td>7<\/td>\n<td>Si Alg\u00fan D\u00eda La Ves<\/td>\n<td><\/td>\n<\/tr>\n<tr>\n<td>8<\/td>\n<td>Solo Por Ese Amor<\/td>\n<td><\/td>\n<\/tr>\n<tr>\n<td>9<\/td>\n<td>Una Sonrisa Una L\u00e1grima<\/td>\n<td><\/td>\n<\/tr>\n<tr>\n<td><\/td>\n<td><\/td>\n<td><\/td>\n<\/tr>\n<tr>\n<td style=\"text-align: center;\"><\/td>\n<td style=\"text-align: center;\"><strong>El Qu\u00edmico<\/strong><\/td>\n<td style=\"text-align: center;\"><strong>1986<\/strong><\/td>\n<\/tr>\n<tr>\n<td>1<\/td>\n<td>El Qu\u00edmico<\/td>\n<td><\/td>\n<\/tr>\n<tr>\n<td>2<\/td>\n<td>Adolescente<\/td>\n<td><\/td>\n<\/tr>\n<tr>\n<td>3<\/td>\n<td>A Esa Guerra si voy<\/td>\n<td><\/td>\n<\/tr>\n<tr>\n<td>4<\/td>\n<td>Vamos a Darle Tarmite<\/td>\n<td><\/td>\n<\/tr>\n<tr>\n<td>5<\/td>\n<td>Organizar<\/td>\n<td><\/td>\n<\/tr>\n<tr>\n<td><\/td>\n<td><\/td>\n<td><\/td>\n<\/tr>\n<\/tbody>\n<\/table>\n<\/div>\n<div class=\"cxmmr5t8 oygrvhab hcukyx3x c1et5uql o9v6fnle\" style=\"text-align: justify;\"><\/div>\n<div class=\"cxmmr5t8 oygrvhab hcukyx3x c1et5uql o9v6fnle\" style=\"text-align: justify;\">\n<div dir=\"auto\"><\/div>\n<\/div>\n<div class=\"cxmmr5t8 oygrvhab hcukyx3x c1et5uql o9v6fnle\" style=\"text-align: justify;\">\n<div dir=\"auto\">Cr\u00e9ditos tomados de Wikipedia:<\/div>\n<div dir=\"auto\"><a class=\"oajrlxb2 g5ia77u1 qu0x051f esr5mh6w e9989ue4 r7d6kgcz rq0escxv nhd2j8a9 nc684nl6 p7hjln8o kvgmc6g5 cxmmr5t8 oygrvhab hcukyx3x jb3vyjys rz4wbd8a qt6c0cv9 a8nywdso i1ao9s8h esuyzwwr f1sip0of lzcic4wl gpro0wi8 py34i1dx\" tabindex=\"0\" role=\"link\" href=\"https:\/\/es.wikipedia.org\/wiki\/Reynaldo_Egas?fbclid=IwAR0GBRh_6W_ELraPXPcj7wfDgywCS7mIXiRb3J31ADUkD9g2Mj3Ovm3XEGY\" target=\"_blank\" rel=\"nofollow noopener\">https:\/\/es.wikipedia.org\/wiki\/Reynaldo_Egas<\/a><\/div>\n<div dir=\"auto\"><\/div>\n<\/div>\n<div class=\"epyt-video-wrapper\"><iframe loading=\"lazy\"  id=\"_ytid_38936\"  width=\"618\" height=\"347\"  data-origwidth=\"618\" data-origheight=\"347\" src=\"https:\/\/www.youtube.com\/embed\/OUWhhWP1b4g?enablejsapi=1&#038;autoplay=0&#038;cc_load_policy=0&#038;cc_lang_pref=&#038;iv_load_policy=1&#038;loop=0&#038;modestbranding=0&#038;rel=1&#038;fs=1&#038;playsinline=0&#038;autohide=2&#038;theme=dark&#038;color=red&#038;controls=1&#038;\" class=\"__youtube_prefs__  epyt-is-override  no-lazyload\" title=\"YouTube player\"  allow=\"fullscreen; accelerometer; autoplay; clipboard-write; encrypted-media; gyroscope; picture-in-picture\" allowfullscreen data-no-lazy=\"1\" data-skipgform_ajax_framebjll=\"\"><\/iframe><\/div>\n","protected":false},"excerpt":{"rendered":"<p>&nbsp; Fecha de Nacimiento: Guayaquil, 16 de agosto de 1965 &nbsp; Fecha de Fallecimiento: Ibidem, 15 de julio de 2006 &nbsp; Biograf\u00eda: &nbsp; Su carrera musical se inici\u00f3 en 1986 cuando grab\u00f3 el sencillo &#8220;El Qu\u00edmico&#8221;, un material de g\u00e9nero pop rock. El tema fue compuesto por Miguel Valdiviezo, vocalista del grupo Taller, y musicalizado &hellip;<\/p>\n","protected":false},"author":1,"featured_media":75357,"comment_status":"open","ping_status":"open","sticky":false,"template":"","format":"standard","meta":{"_jetpack_memberships_contains_paid_content":false,"footnotes":""},"categories":[9,6],"tags":[],"class_list":["post-23106","post","type-post","status-publish","format-standard","has-post-thumbnail","","category-biografias","category-cumpleaneros"],"jetpack_sharing_enabled":true,"jetpack_featured_media_url":"https:\/\/mickyandoniehn.com\/radio\/wp-content\/uploads\/2023\/08\/Reynaldo-Egas.jpg","_links":{"self":[{"href":"https:\/\/mickyandoniehn.com\/radio\/wp-json\/wp\/v2\/posts\/23106","targetHints":{"allow":["GET"]}}],"collection":[{"href":"https:\/\/mickyandoniehn.com\/radio\/wp-json\/wp\/v2\/posts"}],"about":[{"href":"https:\/\/mickyandoniehn.com\/radio\/wp-json\/wp\/v2\/types\/post"}],"author":[{"embeddable":true,"href":"https:\/\/mickyandoniehn.com\/radio\/wp-json\/wp\/v2\/users\/1"}],"replies":[{"embeddable":true,"href":"https:\/\/mickyandoniehn.com\/radio\/wp-json\/wp\/v2\/comments?post=23106"}],"version-history":[{"count":6,"href":"https:\/\/mickyandoniehn.com\/radio\/wp-json\/wp\/v2\/posts\/23106\/revisions"}],"predecessor-version":[{"id":75386,"href":"https:\/\/mickyandoniehn.com\/radio\/wp-json\/wp\/v2\/posts\/23106\/revisions\/75386"}],"wp:featuredmedia":[{"embeddable":true,"href":"https:\/\/mickyandoniehn.com\/radio\/wp-json\/wp\/v2\/media\/75357"}],"wp:attachment":[{"href":"https:\/\/mickyandoniehn.com\/radio\/wp-json\/wp\/v2\/media?parent=23106"}],"wp:term":[{"taxonomy":"category","embeddable":true,"href":"https:\/\/mickyandoniehn.com\/radio\/wp-json\/wp\/v2\/categories?post=23106"},{"taxonomy":"post_tag","embeddable":true,"href":"https:\/\/mickyandoniehn.com\/radio\/wp-json\/wp\/v2\/tags?post=23106"}],"curies":[{"name":"wp","href":"https:\/\/api.w.org\/{rel}","templated":true}]}}