{"id":22998,"date":"2022-07-26T08:12:38","date_gmt":"2022-07-26T14:12:38","guid":{"rendered":"https:\/\/mickyandoniehn.com\/radio\/2022\/07\/26\/26-de-julio-dia-de-los-abuelos\/"},"modified":"2022-07-26T08:12:38","modified_gmt":"2022-07-26T14:12:38","slug":"26-de-julio-dia-de-los-abuelos","status":"publish","type":"post","link":"https:\/\/mickyandoniehn.com\/radio\/2022\/07\/26\/26-de-julio-dia-de-los-abuelos\/","title":{"rendered":"26 de Julio: Dia de los Abuelos"},"content":{"rendered":"<\/p>\n<p>\u00a0<\/p>\n<p>El\u00a0D\u00eda de los Abuelos\u00a0o\u00a0D\u00eda del Abuelo\u00a0es un d\u00eda conmemorativo dedicado a los\u00a0abuelos\u00a0dentro de la\u00a0familia, que complementa al\u00a0D\u00eda de la Madre\u00a0y al\u00a0D\u00eda del Padre. Esta jornada se celebra solo en algunos pa\u00edses, con diferencias en la denominaci\u00f3n, motivaci\u00f3n y fecha. En los pa\u00edses de cultura cristiana se ha elegido el\u00a026 de julio, por ser el d\u00eda en el que la\u00a0liturgia\u00a0cat\u00f3lica\u00a0conmemora a\u00a0san Joaqu\u00edn\u00a0y a\u00a0santa Ana, padres de la\u00a0Virgen Mar\u00eda\u00a0y, por tanto, abuelos de\u00a0Jes\u00fas.<\/p>\n<p>Adicionalmente, la\u00a0ONU\u00a0promueve la celebraci\u00f3n a nivel internacional de una jornada que recuerda a las\u00a0personas mayores\u00a0en general: el\u00a0D\u00eda Internacional de las Personas de Edad, el 1 de octubre.<\/p>\n","protected":false},"excerpt":{"rendered":"<p>\u00a0 El\u00a0D\u00eda de los Abuelos\u00a0o\u00a0D\u00eda del Abuelo\u00a0es un d\u00eda conmemorativo dedicado a los\u00a0abuelos\u00a0dentro de la\u00a0familia, que complementa al\u00a0D\u00eda de la Madre\u00a0y al\u00a0D\u00eda del Padre. Esta jornada se celebra solo en algunos pa\u00edses, con diferencias en la denominaci\u00f3n, motivaci\u00f3n y fecha. En los pa\u00edses de cultura cristiana se ha elegido el\u00a026 de julio, por ser el &hellip;<\/p>\n","protected":false},"author":0,"featured_media":22999,"comment_status":"open","ping_status":"open","sticky":false,"template":"","format":"standard","meta":{"_jetpack_memberships_contains_paid_content":false,"footnotes":""},"categories":[5],"tags":[],"class_list":["post-22998","post","type-post","status-publish","format-standard","has-post-thumbnail","","category-noticias"],"jetpack_sharing_enabled":true,"jetpack_featured_media_url":"https:\/\/mickyandoniehn.com\/radio\/wp-content\/uploads\/2022\/07\/DiaAbuelo46-SL9ZIp.jpeg","_links":{"self":[{"href":"https:\/\/mickyandoniehn.com\/radio\/wp-json\/wp\/v2\/posts\/22998","targetHints":{"allow":["GET"]}}],"collection":[{"href":"https:\/\/mickyandoniehn.com\/radio\/wp-json\/wp\/v2\/posts"}],"about":[{"href":"https:\/\/mickyandoniehn.com\/radio\/wp-json\/wp\/v2\/types\/post"}],"replies":[{"embeddable":true,"href":"https:\/\/mickyandoniehn.com\/radio\/wp-json\/wp\/v2\/comments?post=22998"}],"version-history":[{"count":0,"href":"https:\/\/mickyandoniehn.com\/radio\/wp-json\/wp\/v2\/posts\/22998\/revisions"}],"wp:featuredmedia":[{"embeddable":true,"href":"https:\/\/mickyandoniehn.com\/radio\/wp-json\/wp\/v2\/media\/22999"}],"wp:attachment":[{"href":"https:\/\/mickyandoniehn.com\/radio\/wp-json\/wp\/v2\/media?parent=22998"}],"wp:term":[{"taxonomy":"category","embeddable":true,"href":"https:\/\/mickyandoniehn.com\/radio\/wp-json\/wp\/v2\/categories?post=22998"},{"taxonomy":"post_tag","embeddable":true,"href":"https:\/\/mickyandoniehn.com\/radio\/wp-json\/wp\/v2\/tags?post=22998"}],"curies":[{"name":"wp","href":"https:\/\/api.w.org\/{rel}","templated":true}]}}