{"id":22679,"date":"2022-07-23T06:12:56","date_gmt":"2022-07-23T12:12:56","guid":{"rendered":"https:\/\/mickyandoniehn.com\/radio\/2022\/07\/23\/delimitaran-poligono-patrimonial-de-sitio-arqueologico-zuleta-en-ecuador\/"},"modified":"2022-07-23T06:12:56","modified_gmt":"2022-07-23T12:12:56","slug":"delimitaran-poligono-patrimonial-de-sitio-arqueologico-zuleta-en-ecuador","status":"publish","type":"post","link":"https:\/\/mickyandoniehn.com\/radio\/2022\/07\/23\/delimitaran-poligono-patrimonial-de-sitio-arqueologico-zuleta-en-ecuador\/","title":{"rendered":"Delimitar\u00e1n pol\u00edgono patrimonial de sitio arqueol\u00f3gico Zuleta, en Ecuador"},"content":{"rendered":"<p><strong>Tegucigalpa,Honduras s\u00e1bado 23 julio 2022<\/strong><\/p>\n<\/p>\n<p>El Ministerio de Cultura y Patrimonio inform\u00f3 bi\u00f3 y solicit\u00f3 la publicaci\u00f3n en el Registro Oficial del acuerdo que permite la delimitaci\u00f3n del pol\u00edgono patrimonial del sitio arqueol\u00f3gico Zuleta, en la provincia andina de Imbabura, en el norte de Ecuador.<\/p>\n<p>Este trabajo se realiza a trav\u00e9s del Instituto Nacional de Patrimonio Cultural (INPC), que se encarga de la delimitaci\u00f3n in situ con tecnolog\u00eda de georeferenciaci\u00f3n, para armar el expediente del estudio arqueol\u00f3gico, que incluye las fichas t\u00e9cnicas y el levantamiento de mapas.<\/p>\n<p>La delimitaci\u00f3n de pol\u00edgonos tiene por objeto proteger y normar el uso de sus suelos para trabajos de investigaci\u00f3n de \u00edndole cient\u00edfica, prospecci\u00f3n y excavaci\u00f3n arqueol\u00f3gica y paleontol\u00f3gica, de conservaci\u00f3n y\/o puesta en valor del patrimonio cultural, se\u00f1al\u00f3 el ministerio en un comunicado.<\/p>\n<p>A\u00f1adi\u00f3 que las tolas, unos monst\u00edculos artificiales de tierra y cangagua que buscan protegerse con esta medida, constituyen un rasgo arquitect\u00f3nico monumental extendido en territorio Caranqui que, de diferente forma y tama\u00f1o, se hallan dispersas formando peque\u00f1os n\u00facleos.<\/p>\n<p>Se calcula que en la Sierra Norte exist\u00edan m\u00e1s de 5.000 correspondientes al per\u00edodo de Integraci\u00f3n, entre los a\u00f1os 950 d.C. a 1550 d.C.<\/p>\n<p>Para levantar las tolas se construyeron \u00abceldas\u00bb con bloques de cangahua, bloques de piedra, que luego eran rellenadas con tierra.<\/p>\n<p>En el caso de las tolas m\u00e1s grandes debieron levantarse en diferentes fases; cada nueva generaci\u00f3n aumentaba su altura como un aporte al recuerdo de sus antepasados y para acrecentar el poder simb\u00f3lico, reza el comunicado.<\/p>\n<p>Y a\u00f1ade que el n\u00famero y monumentalidad de estas tolas sugieren una fuerte organizaci\u00f3n, solidaridad y pertenencia \u00e9tnica, ya que se consideraba el mont\u00edculo como un signo emblem\u00e1tico del ayllu, un grupo de familias ind\u00edgenas que constituyen una comunidad aimara o quechua.<\/p>\n<p>El acuerdo ministerial norma las actividades autorizadas y las prohibidas en este espacio, para proteger sus bienes arqueol\u00f3gicos y paleontol\u00f3gicos, y otorga la custodia de los mismos al Gobierno Aut\u00f3nomo Descentralizado<\/p>\n<p><strong>Fuente: La Tribuna<\/strong><\/p>\n","protected":false},"excerpt":{"rendered":"<p>Tegucigalpa,Honduras s\u00e1bado 23 julio 2022 El Ministerio de Cultura y Patrimonio inform\u00f3 bi\u00f3 y solicit\u00f3 la publicaci\u00f3n en el Registro Oficial del acuerdo que permite la delimitaci\u00f3n del pol\u00edgono patrimonial del sitio arqueol\u00f3gico Zuleta, en la provincia andina de Imbabura, en el norte de Ecuador. Este trabajo se realiza a trav\u00e9s del Instituto Nacional de &hellip;<\/p>\n","protected":false},"author":0,"featured_media":22680,"comment_status":"open","ping_status":"open","sticky":false,"template":"","format":"standard","meta":{"_jetpack_memberships_contains_paid_content":false,"footnotes":""},"categories":[5],"tags":[],"class_list":["post-22679","post","type-post","status-publish","format-standard","has-post-thumbnail","","category-noticias"],"jetpack_sharing_enabled":true,"jetpack_featured_media_url":"https:\/\/mickyandoniehn.com\/radio\/wp-content\/uploads\/2022\/07\/ecuador-6hccpr.jpeg","_links":{"self":[{"href":"https:\/\/mickyandoniehn.com\/radio\/wp-json\/wp\/v2\/posts\/22679","targetHints":{"allow":["GET"]}}],"collection":[{"href":"https:\/\/mickyandoniehn.com\/radio\/wp-json\/wp\/v2\/posts"}],"about":[{"href":"https:\/\/mickyandoniehn.com\/radio\/wp-json\/wp\/v2\/types\/post"}],"replies":[{"embeddable":true,"href":"https:\/\/mickyandoniehn.com\/radio\/wp-json\/wp\/v2\/comments?post=22679"}],"version-history":[{"count":0,"href":"https:\/\/mickyandoniehn.com\/radio\/wp-json\/wp\/v2\/posts\/22679\/revisions"}],"wp:featuredmedia":[{"embeddable":true,"href":"https:\/\/mickyandoniehn.com\/radio\/wp-json\/wp\/v2\/media\/22680"}],"wp:attachment":[{"href":"https:\/\/mickyandoniehn.com\/radio\/wp-json\/wp\/v2\/media?parent=22679"}],"wp:term":[{"taxonomy":"category","embeddable":true,"href":"https:\/\/mickyandoniehn.com\/radio\/wp-json\/wp\/v2\/categories?post=22679"},{"taxonomy":"post_tag","embeddable":true,"href":"https:\/\/mickyandoniehn.com\/radio\/wp-json\/wp\/v2\/tags?post=22679"}],"curies":[{"name":"wp","href":"https:\/\/api.w.org\/{rel}","templated":true}]}}