{"id":22602,"date":"2022-07-22T07:13:27","date_gmt":"2022-07-22T13:13:27","guid":{"rendered":"https:\/\/mickyandoniehn.com\/radio\/2022\/07\/22\/hondurenos-deben-vacunarse-y-aprender-a-convivir-con-el-covid-para-evitar-suspender-clases\/"},"modified":"2022-07-22T07:13:27","modified_gmt":"2022-07-22T13:13:27","slug":"hondurenos-deben-vacunarse-y-aprender-a-convivir-con-el-covid-para-evitar-suspender-clases","status":"publish","type":"post","link":"https:\/\/mickyandoniehn.com\/radio\/2022\/07\/22\/hondurenos-deben-vacunarse-y-aprender-a-convivir-con-el-covid-para-evitar-suspender-clases\/","title":{"rendered":"Hondure\u00f1os deben vacunarse y aprender a convivir con el COVID para evitar suspender clases"},"content":{"rendered":"<p><strong>Tegucigalpa,Honduras viernes 22 julio 2022<\/strong><\/p>\n<\/p>\n<p>El doctor Carlos Uma\u00f1a, se\u00f1al\u00f3 que la poblaci\u00f3n hondure\u00f1a debe aprender a convivir con la pandemia de Covid-19, para evitar suspender clases y actividades comerciales del pa\u00eds.<\/p>\n<p>Uma\u00f1a adelant\u00f3 que ni la Comisi\u00f3n de Salud del Congreso Nacional, ni los m\u00e9dicos van a solicitar que se suspendan las clases presenciales, al ser Honduras uno de los pa\u00edses que reanud\u00f3 las actividades acad\u00e9micas muy tarde.<\/p>\n<p>El medic\u00f3 remarc\u00f3 que las clases deben continuar y lo necesario es impulsar la vacunaci\u00f3n pedi\u00e1trica para proteger a los estudiantes.<\/p>\n<p>\u201cLas clases no se deben suspender porque cient\u00edficamente se ha demostrado que estas no suben la incidencia de casos Covid-19, lo que debemos hacer es vacunar a los ni\u00f1os\u201d, sostuvo.<\/p>\n<p><a href=\"https:\/\/hondudiario.com\/wp-content\/uploads\/2021\/09\/IMG-20210908-WA0007.jpg\">Por otro lado, lament\u00f3 que de los cinco ni\u00f1os hospitalizados por coronavirus en el Instituto Hondure\u00f1o de Seguridad Social (IHSS), no estaban vacunados contra el COVID.<\/a><\/p>\n<p><a href=\"https:\/\/hondudiario.com\/wp-content\/uploads\/2021\/09\/IMG-20210908-WA0007.jpg\">El doctor insisti\u00f3 en que la vida cotidiana debe seguir bajo la misma nueva normalidad.<\/a><\/p>\n<p><a href=\"https:\/\/hondudiario.com\/wp-content\/uploads\/2021\/09\/IMG-20210908-WA0007.jpg\">\u201cLo que tenemos que hacer es aprender a vivir con el Covid-19, vacunarnos y usar mascarilla en espacios cerrados\u201d, reiter\u00f3.<\/a><\/p>\n<p><a href=\"https:\/\/hondudiario.com\/wp-content\/uploads\/2021\/09\/IMG-20210908-WA0007.jpg\">\u201cSi llegamos al 80 por ciento de inmunidad de reba\u00f1o, nos vamos a quitar la mascarilla, pero las actividades econ\u00f3micas del pa\u00eds deben continuar\u201d, recalc\u00f3.<\/a><\/p>\n<p><a href=\"https:\/\/hondudiario.com\/wp-content\/uploads\/2021\/09\/IMG-20210908-WA0007.jpg\">Honduras est\u00e1 a 28 puntos de alcanzar la inmunidad de reba\u00f1o necesaria para vencer el linaje de \u00d3micron, que ya tiene seis subvariantes, seg\u00fan Uma\u00f1a. <strong>O<\/strong><\/a><\/p>\n<p><strong>Fuente: La Tribuna<\/strong><\/p>\n","protected":false},"excerpt":{"rendered":"<p>Tegucigalpa,Honduras viernes 22 julio 2022 El doctor Carlos Uma\u00f1a, se\u00f1al\u00f3 que la poblaci\u00f3n hondure\u00f1a debe aprender a convivir con la pandemia de Covid-19, para evitar suspender clases y actividades comerciales del pa\u00eds. Uma\u00f1a adelant\u00f3 que ni la Comisi\u00f3n de Salud del Congreso Nacional, ni los m\u00e9dicos van a solicitar que se suspendan las clases presenciales, &hellip;<\/p>\n","protected":false},"author":0,"featured_media":22603,"comment_status":"open","ping_status":"open","sticky":false,"template":"","format":"standard","meta":{"_jetpack_memberships_contains_paid_content":false,"footnotes":""},"categories":[5],"tags":[],"class_list":["post-22602","post","type-post","status-publish","format-standard","has-post-thumbnail","","category-noticias"],"jetpack_sharing_enabled":true,"jetpack_featured_media_url":"https:\/\/mickyandoniehn.com\/radio\/wp-content\/uploads\/2022\/07\/IMG-20210908-WA0007-gMo1hM.jpeg","_links":{"self":[{"href":"https:\/\/mickyandoniehn.com\/radio\/wp-json\/wp\/v2\/posts\/22602","targetHints":{"allow":["GET"]}}],"collection":[{"href":"https:\/\/mickyandoniehn.com\/radio\/wp-json\/wp\/v2\/posts"}],"about":[{"href":"https:\/\/mickyandoniehn.com\/radio\/wp-json\/wp\/v2\/types\/post"}],"replies":[{"embeddable":true,"href":"https:\/\/mickyandoniehn.com\/radio\/wp-json\/wp\/v2\/comments?post=22602"}],"version-history":[{"count":0,"href":"https:\/\/mickyandoniehn.com\/radio\/wp-json\/wp\/v2\/posts\/22602\/revisions"}],"wp:featuredmedia":[{"embeddable":true,"href":"https:\/\/mickyandoniehn.com\/radio\/wp-json\/wp\/v2\/media\/22603"}],"wp:attachment":[{"href":"https:\/\/mickyandoniehn.com\/radio\/wp-json\/wp\/v2\/media?parent=22602"}],"wp:term":[{"taxonomy":"category","embeddable":true,"href":"https:\/\/mickyandoniehn.com\/radio\/wp-json\/wp\/v2\/categories?post=22602"},{"taxonomy":"post_tag","embeddable":true,"href":"https:\/\/mickyandoniehn.com\/radio\/wp-json\/wp\/v2\/tags?post=22602"}],"curies":[{"name":"wp","href":"https:\/\/api.w.org\/{rel}","templated":true}]}}