{"id":21950,"date":"2022-07-13T08:12:44","date_gmt":"2022-07-13T14:12:44","guid":{"rendered":"http:\/\/mickyandoniehn.com\/radio\/2022\/07\/13\/como-una-oxigenacion-califican-las-medidas-del-gobierno-para-mitigar-crisis-economica\/"},"modified":"2022-07-13T08:12:44","modified_gmt":"2022-07-13T14:12:44","slug":"como-una-oxigenacion-califican-las-medidas-del-gobierno-para-mitigar-crisis-economica","status":"publish","type":"post","link":"https:\/\/mickyandoniehn.com\/radio\/2022\/07\/13\/como-una-oxigenacion-califican-las-medidas-del-gobierno-para-mitigar-crisis-economica\/","title":{"rendered":"Como una \u201coxigenaci\u00f3n\u201d califican las medidas del Gobierno para mitigar crisis econ\u00f3mica"},"content":{"rendered":"<p><strong>Tegucigalpa,Honduras mi\u00e9rcoles 13 julio 2022<\/strong><\/p>\n<\/p>\n<p>El director ejecutivo del Instituto Nacional de Estad\u00edstica (INE), Eugenio Sosa, consider\u00f3 que el Gobierno deber\u00e1 ir analizando otras medidas para mitigar los constantes aumentos al pecio de los combustibles y energ\u00eda el\u00e9ctrica.<\/p>\n<p>Recientemente, el Gobierno de Honduras \u201ccongel\u00f3\u201d de manera temporal el precio de la gasolina regular y el di\u00e9sel, y anunci\u00f3 subsidiar el incremento a la tarifa el\u00e9ctrica.<\/p>\n<p>Sosa calific\u00f3 como una \u201coxigenaci\u00f3n\u201d las \u00faltimas medidas adoptadas por el Gobierno para enfrentar la crisis econ\u00f3mica.<\/p>\n<p>\u201cAs\u00ed como ha ido avanzando la crisis de todos los lunes con aumentos sostenidos, estas medidas son como un amortiguamiento, una especie de oxigenaci\u00f3n\u201d, dijo.<\/p>\n<p>De igual manera, se\u00f1al\u00f3 que para el Gobierno hay un desaf\u00edo, de quedarse con esas medidas implementadas o de ir m\u00e1s all\u00e1.<\/p>\n<p>\u201cEso lo tendr\u00e1n que decidir en la media que tenga un an\u00e1lisis m\u00e1s claro del impacto presupuestario que est\u00e1n teniendo, pero creo que es un acto de decirle a la clase media: estamos pendientes\u201d, declar\u00f3.<\/p>\n<p>Seg\u00fan el soci\u00f3logo, las acciones del Gobierno evitar\u00edan que la clase media se sienta amenazada permanentemente, porque despu\u00e9s de cada crisis suele suceder que los sectores medios sufren el p\u00e1nico de llegar a convertirse en familias pobres.<\/p>\n<p>Posteriormente, resalt\u00f3 que otras medidas a tomar deber\u00edan ir enfocadas para la clase media, pues pasa con el temor de caer en la pobreza o extrema pobreza.<\/p>\n<p>\u201cEn la medida en que el Gobierno empiece a movilizar las ayudas, apoyo y a generar empleos, se podr\u00e1 tener otro rumbo para enfrentar esta situaci\u00f3n que es invivible\u201d, indic\u00f3.<\/p>\n<p>Para terminar, mencion\u00f3 que en una sociedad tan desigual como la de Honduras, la clase baja casi no tiene posibilidades de ning\u00fan ascenso.<\/p>\n<p>\u201cTodo mundo aspiramos a la movilidad social ascendente, pero lo que hemos tenido en los \u00faltimos a\u00f1os es lo contrario, una movilidad social permanente descendente\u201d, concluy\u00f3.<\/p>\n<p><strong>Fuente: La Tribuna<\/strong><\/p>\n","protected":false},"excerpt":{"rendered":"<p>Tegucigalpa,Honduras mi\u00e9rcoles 13 julio 2022 El director ejecutivo del Instituto Nacional de Estad\u00edstica (INE), Eugenio Sosa, consider\u00f3 que el Gobierno deber\u00e1 ir analizando otras medidas para mitigar los constantes aumentos al pecio de los combustibles y energ\u00eda el\u00e9ctrica. Recientemente, el Gobierno de Honduras \u201ccongel\u00f3\u201d de manera temporal el precio de la gasolina regular y el &hellip;<\/p>\n","protected":false},"author":0,"featured_media":21951,"comment_status":"open","ping_status":"open","sticky":false,"template":"","format":"standard","meta":{"_jetpack_memberships_contains_paid_content":false,"footnotes":""},"categories":[5],"tags":[],"class_list":["post-21950","post","type-post","status-publish","format-standard","has-post-thumbnail","","category-noticias"],"jetpack_sharing_enabled":true,"jetpack_featured_media_url":"https:\/\/mickyandoniehn.com\/radio\/wp-content\/uploads\/2022\/07\/Captura-51-SaH7HN.jpeg","_links":{"self":[{"href":"https:\/\/mickyandoniehn.com\/radio\/wp-json\/wp\/v2\/posts\/21950","targetHints":{"allow":["GET"]}}],"collection":[{"href":"https:\/\/mickyandoniehn.com\/radio\/wp-json\/wp\/v2\/posts"}],"about":[{"href":"https:\/\/mickyandoniehn.com\/radio\/wp-json\/wp\/v2\/types\/post"}],"replies":[{"embeddable":true,"href":"https:\/\/mickyandoniehn.com\/radio\/wp-json\/wp\/v2\/comments?post=21950"}],"version-history":[{"count":0,"href":"https:\/\/mickyandoniehn.com\/radio\/wp-json\/wp\/v2\/posts\/21950\/revisions"}],"wp:featuredmedia":[{"embeddable":true,"href":"https:\/\/mickyandoniehn.com\/radio\/wp-json\/wp\/v2\/media\/21951"}],"wp:attachment":[{"href":"https:\/\/mickyandoniehn.com\/radio\/wp-json\/wp\/v2\/media?parent=21950"}],"wp:term":[{"taxonomy":"category","embeddable":true,"href":"https:\/\/mickyandoniehn.com\/radio\/wp-json\/wp\/v2\/categories?post=21950"},{"taxonomy":"post_tag","embeddable":true,"href":"https:\/\/mickyandoniehn.com\/radio\/wp-json\/wp\/v2\/tags?post=21950"}],"curies":[{"name":"wp","href":"https:\/\/api.w.org\/{rel}","templated":true}]}}