{"id":20019,"date":"2022-06-23T06:12:32","date_gmt":"2022-06-23T12:12:32","guid":{"rendered":"https:\/\/mickyandoniehn.com\/radio\/2022\/06\/23\/unah-condecora-a-alpinista-hondureno-que-escalo-el-everest\/"},"modified":"2022-06-23T06:12:32","modified_gmt":"2022-06-23T12:12:32","slug":"unah-condecora-a-alpinista-hondureno-que-escalo-el-everest","status":"publish","type":"post","link":"https:\/\/mickyandoniehn.com\/radio\/2022\/06\/23\/unah-condecora-a-alpinista-hondureno-que-escalo-el-everest\/","title":{"rendered":"UNAH condecora a alpinista hondure\u00f1o que escal\u00f3 el Everest"},"content":{"rendered":"<p>\u00a0<\/p>\n<p><strong>Tegucigalpa,Honduras \u00a0jueves 23 junio 2022<\/strong><\/p>\n<\/p>\n<p>La Universidad Nacional Aut\u00f3noma de Honduras (UNAH) y la Vicerrector\u00eda de Orientaci\u00f3n y Asuntos Estudiantiles (VOAE), entregaron un reconocimiento a los logros deportivos del atleta nacional Ronald Quintero.<\/p>\n<p>La proeza del hondure\u00f1o fue haber puesto en alto el nombre de Honduras al escalar el Monte de Everest, que se ubica en el continente asi\u00e1tico, concretamente en la naci\u00f3n de Nepal a una altura de 8 mil 848 metros sobre el nivel del mar, lo que lo convierte en el monte m\u00e1s alto del mundo.<\/p>\n<div class=\"wp-block-image\">\nLa academia rindi\u00f3 un homenaje al atleta hondure\u00f1a.\n<\/div>\n<p>Es por eso que, en conmemoraci\u00f3n del d\u00eda del estudiante hondure\u00f1o, la VOAE organiz\u00f3 la conferencia \u00bfC\u00f3mo llegar a la cima?, en donde Quintero como principal exponente, busca motivar a la excelencia personal de los hondure\u00f1os y de manera especial a la comunidad universitaria de la Alma Mater; \u201cquiero que juntos pintemos una nueva cara de esperanza, y a trav\u00e9s de ella mostremos nuestra grandeza\u201d, dijo Quintero en su red social.<\/p>\n<p>Con 40 a\u00f1os de edad y originario de Intibuc\u00e1, Ronald emigr\u00f3 a los 16 a\u00f1os a los Estados Unidos donde ha participado en competencias muy demandantes; sin embargo, a mediados del mes de abril del 2022 inici\u00f3 su preparaci\u00f3n f\u00edsica en la naci\u00f3n Nepal\u00ed para as\u00ed, el 12 de mayo junto a un grupo de cuatro integrantes, emprendieran la haza\u00f1a de cualquier monta\u00f1ista; alcanzar la cima del mundo.<\/p>\n<h2><strong>Reconocimientos<\/strong><\/h2>\n<p>A su haza\u00f1a, Quintero se hizo acreedor de un diploma de reconocimiento de la Alcald\u00eda del Municipio del Distrito Central y la Comisi\u00f3n Nacional de Deporte (CONDEPOR), as\u00ed como una recompensa econ\u00f3mica del Gobierno central por el resto del a\u00f1o.<\/p>\n<p>Adem\u00e1s del Everest, Ronald escal\u00f3 el Aconcagua en Sudam\u00e9rica, Monte Denali en Norteam\u00e9rica, Elbrus en Europa, Kilimanjaro en \u00c1frica y ahora le apuesta a subir al Vinson Massif en Ant\u00e1rtida y la pir\u00e1mide de Carstensz en Ocean\u00eda.<\/p>\n<p><strong>Fuente: La Tribuna<\/strong><\/p>\n","protected":false},"excerpt":{"rendered":"<p>\u00a0 Tegucigalpa,Honduras \u00a0jueves 23 junio 2022 La Universidad Nacional Aut\u00f3noma de Honduras (UNAH) y la Vicerrector\u00eda de Orientaci\u00f3n y Asuntos Estudiantiles (VOAE), entregaron un reconocimiento a los logros deportivos del atleta nacional Ronald Quintero. La proeza del hondure\u00f1o fue haber puesto en alto el nombre de Honduras al escalar el Monte de Everest, que se &hellip;<\/p>\n","protected":false},"author":0,"featured_media":20020,"comment_status":"open","ping_status":"open","sticky":false,"template":"","format":"standard","meta":{"_jetpack_memberships_contains_paid_content":false,"footnotes":""},"categories":[5],"tags":[],"class_list":["post-20019","post","type-post","status-publish","format-standard","has-post-thumbnail","","category-noticias"],"jetpack_sharing_enabled":true,"jetpack_featured_media_url":"https:\/\/mickyandoniehn.com\/radio\/wp-content\/uploads\/2022\/06\/ronald-quintero-696x414-1-bCUry3.jpeg","_links":{"self":[{"href":"https:\/\/mickyandoniehn.com\/radio\/wp-json\/wp\/v2\/posts\/20019","targetHints":{"allow":["GET"]}}],"collection":[{"href":"https:\/\/mickyandoniehn.com\/radio\/wp-json\/wp\/v2\/posts"}],"about":[{"href":"https:\/\/mickyandoniehn.com\/radio\/wp-json\/wp\/v2\/types\/post"}],"replies":[{"embeddable":true,"href":"https:\/\/mickyandoniehn.com\/radio\/wp-json\/wp\/v2\/comments?post=20019"}],"version-history":[{"count":0,"href":"https:\/\/mickyandoniehn.com\/radio\/wp-json\/wp\/v2\/posts\/20019\/revisions"}],"wp:featuredmedia":[{"embeddable":true,"href":"https:\/\/mickyandoniehn.com\/radio\/wp-json\/wp\/v2\/media\/20020"}],"wp:attachment":[{"href":"https:\/\/mickyandoniehn.com\/radio\/wp-json\/wp\/v2\/media?parent=20019"}],"wp:term":[{"taxonomy":"category","embeddable":true,"href":"https:\/\/mickyandoniehn.com\/radio\/wp-json\/wp\/v2\/categories?post=20019"},{"taxonomy":"post_tag","embeddable":true,"href":"https:\/\/mickyandoniehn.com\/radio\/wp-json\/wp\/v2\/tags?post=20019"}],"curies":[{"name":"wp","href":"https:\/\/api.w.org\/{rel}","templated":true}]}}