{"id":18855,"date":"2022-06-09T08:13:49","date_gmt":"2022-06-09T14:13:49","guid":{"rendered":"http:\/\/mickyandoniehn.com\/radio\/2022\/06\/09\/gobierno-debe-impulsar-la-generacion-de-empresas-y-empleos-hay-que-crear-un-nuevo-mecanismo\/"},"modified":"2022-06-09T08:13:49","modified_gmt":"2022-06-09T14:13:49","slug":"gobierno-debe-impulsar-la-generacion-de-empresas-y-empleos-hay-que-crear-un-nuevo-mecanismo","status":"publish","type":"post","link":"https:\/\/mickyandoniehn.com\/radio\/2022\/06\/09\/gobierno-debe-impulsar-la-generacion-de-empresas-y-empleos-hay-que-crear-un-nuevo-mecanismo\/","title":{"rendered":"Gobierno debe impulsar la generaci\u00f3n de empresas y empleos: \u201cHay que crear un nuevo mecanismo"},"content":{"rendered":"<p><strong>Tegucigalpa,Honduras lunes 09 mayo 2022<\/strong><\/p>\n<\/p>\n<p>El director ejecutivo de la C\u00e1mara de Comercio e Industria de Cort\u00e9s (CCIC), Kevin Rodr\u00edguez, estim\u00f3 que, al aprobarse un marco legal para el sector de la Micro, Peque\u00f1a y Mediana empresa (Mipymes), se van a generar nuevos negocios y empleos.<\/p>\n<p>La fuente empresarial indic\u00f3 que desde la CCIC est\u00e1n en toda la disposici\u00f3n de trabajar con el Congreso Nacional y Poder Ejecutivo en la construcci\u00f3n de una normativa laboral inclusiva, con el consenso y benepl\u00e1cito de todas las partes involucradas; trabajadores, empleadores y Gobierno.<\/p>\n<p>Lo anterior, con la finalidad de complacer las necesidades de los hondure\u00f1os que trabajan y estudian, adem\u00e1s de las personas de la tercera edad que aplican para empleos temporales o parciales.<\/p>\n<p>Rodr\u00edguez dej\u00f3 claro que la CCIC respeta la decisi\u00f3n del Congreso Nacional de derogar la Ley de Empleo por Hora, no obstante, invit\u00f3 a las autoridades a impulsar la generaci\u00f3n de empresas y empleos.<\/p>\n<p>Honduras ocupa la cuarta posici\u00f3n en lo que respecta a la generaci\u00f3n de Mipymes, seg\u00fan revel\u00f3 el directivo de la CCIC.<\/p>\n<p>\u201cNosotros tenemos una desventaja competitiva en relaci\u00f3n a Guatemala, El Salvador y Nicaragua\u201d, compar\u00f3.<\/p>\n<p>\u00a0<\/p>\n<p><a href=\"https:\/\/hondudiario.com\/wp-content\/uploads\/2021\/08\/foto-desempleo.jpg\">\u201cEl empleo por hora es un tema complementario, hay que crear un nuevo mecanismo que pueda satisfacer esas necesidades en el mercado laboral que les permita a las empresas tambi\u00e9n utilizar ese tipo de mecanismos\u201d, concluy\u00f3.<\/a><\/p>\n<p><a href=\"https:\/\/hondudiario.com\/wp-content\/uploads\/2021\/08\/foto-desempleo.jpg\">El Congreso Nacional (CN) derog\u00f3 la noche del mi\u00e9rcoles 27 de abril la Ley de Empleo por Hora en un amplio debate parlamentario, que no tuvo el apoyo de la mayor\u00eda de la bancada nacionalista.<\/a><\/p>\n<p><a href=\"https:\/\/hondudiario.com\/wp-content\/uploads\/2021\/08\/foto-desempleo.jpg\">Con 83 votos a favor y 42 en contra el Poder Legislativo elimin\u00f3 la tan cuestionada ley.<\/a><\/p>\n<p><a href=\"https:\/\/hondudiario.com\/wp-content\/uploads\/2021\/08\/foto-desempleo.jpg\">De inmediato los empresarios lamentaron la decisi\u00f3n del Congreso Nacional de derogar la Ley del Empleo por Hora, ya que consideraban merec\u00eda una reforma y no una derogaci\u00f3n.<\/a><\/p>\n<p><strong>Fuente: hondudiario<\/strong><\/p>\n","protected":false},"excerpt":{"rendered":"<p>Tegucigalpa,Honduras lunes 09 mayo 2022 El director ejecutivo de la C\u00e1mara de Comercio e Industria de Cort\u00e9s (CCIC), Kevin Rodr\u00edguez, estim\u00f3 que, al aprobarse un marco legal para el sector de la Micro, Peque\u00f1a y Mediana empresa (Mipymes), se van a generar nuevos negocios y empleos. La fuente empresarial indic\u00f3 que desde la CCIC est\u00e1n &hellip;<\/p>\n","protected":false},"author":0,"featured_media":18856,"comment_status":"open","ping_status":"open","sticky":false,"template":"","format":"standard","meta":{"_jetpack_memberships_contains_paid_content":false,"footnotes":""},"categories":[5],"tags":[],"class_list":["post-18855","post","type-post","status-publish","format-standard","has-post-thumbnail","","category-noticias"],"jetpack_sharing_enabled":true,"jetpack_featured_media_url":"https:\/\/mickyandoniehn.com\/radio\/wp-content\/uploads\/2022\/06\/foto-desempleo-300x225-1-8d3qP3.jpeg","_links":{"self":[{"href":"https:\/\/mickyandoniehn.com\/radio\/wp-json\/wp\/v2\/posts\/18855","targetHints":{"allow":["GET"]}}],"collection":[{"href":"https:\/\/mickyandoniehn.com\/radio\/wp-json\/wp\/v2\/posts"}],"about":[{"href":"https:\/\/mickyandoniehn.com\/radio\/wp-json\/wp\/v2\/types\/post"}],"replies":[{"embeddable":true,"href":"https:\/\/mickyandoniehn.com\/radio\/wp-json\/wp\/v2\/comments?post=18855"}],"version-history":[{"count":0,"href":"https:\/\/mickyandoniehn.com\/radio\/wp-json\/wp\/v2\/posts\/18855\/revisions"}],"wp:featuredmedia":[{"embeddable":true,"href":"https:\/\/mickyandoniehn.com\/radio\/wp-json\/wp\/v2\/media\/18856"}],"wp:attachment":[{"href":"https:\/\/mickyandoniehn.com\/radio\/wp-json\/wp\/v2\/media?parent=18855"}],"wp:term":[{"taxonomy":"category","embeddable":true,"href":"https:\/\/mickyandoniehn.com\/radio\/wp-json\/wp\/v2\/categories?post=18855"},{"taxonomy":"post_tag","embeddable":true,"href":"https:\/\/mickyandoniehn.com\/radio\/wp-json\/wp\/v2\/tags?post=18855"}],"curies":[{"name":"wp","href":"https:\/\/api.w.org\/{rel}","templated":true}]}}