{"id":17697,"date":"2022-05-28T11:12:34","date_gmt":"2022-05-28T17:12:34","guid":{"rendered":"http:\/\/mickyandoniehn.com\/radio\/2022\/05\/28\/inolvidable-gol-de-amilcar-lanza-que-dio-triunfo-historico-de-olimpia-ante-el-america\/"},"modified":"2022-05-28T11:12:34","modified_gmt":"2022-05-28T17:12:34","slug":"inolvidable-gol-de-amilcar-lanza-que-dio-triunfo-historico-de-olimpia-ante-el-america","status":"publish","type":"post","link":"https:\/\/mickyandoniehn.com\/radio\/2022\/05\/28\/inolvidable-gol-de-amilcar-lanza-que-dio-triunfo-historico-de-olimpia-ante-el-america\/","title":{"rendered":"Inolvidable gol de Am\u00edlcar Lanza que dio triunfo hist\u00f3rico de Olimpia ante el Am\u00e9rica"},"content":{"rendered":"<\/p>\n<p>El 28 de mayo de 1985, el Club Olimpia Deportivo escribi\u00f3 una p\u00e1gina gloriosa del f\u00fatbol hondure\u00f1o y del club al derrotar al Am\u00e9rica de M\u00e9xico 1-0 en el estadio La Corregidora de Quer\u00e9taro.<\/p>\n<p>El \u00fanico gol del partido fue la anotaci\u00f3n hist\u00f3rica de Am\u00edlcar Lanza Brev\u00e9 (QDDG) que reforz\u00f3 al equipo merengue, en el partido que por el torneo de clubes campeones y subcampeones de CONCACAF en donde venci\u00f3 la estirada del hist\u00f3rico portero argentino H\u00e9ctor Miguel Zelada.\u00a0<strong>(GG)<\/strong><\/p>\n","protected":false},"excerpt":{"rendered":"<p>El 28 de mayo de 1985, el Club Olimpia Deportivo escribi\u00f3 una p\u00e1gina gloriosa del f\u00fatbol hondure\u00f1o y del club al derrotar al Am\u00e9rica de M\u00e9xico 1-0 en el estadio La Corregidora de Quer\u00e9taro. El \u00fanico gol del partido fue la anotaci\u00f3n hist\u00f3rica de Am\u00edlcar Lanza Brev\u00e9 (QDDG) que reforz\u00f3 al equipo merengue, en el &hellip;<\/p>\n","protected":false},"author":0,"featured_media":17698,"comment_status":"open","ping_status":"open","sticky":false,"template":"","format":"standard","meta":{"_jetpack_memberships_contains_paid_content":false,"footnotes":""},"categories":[5],"tags":[],"class_list":["post-17697","post","type-post","status-publish","format-standard","has-post-thumbnail","","category-noticias"],"jetpack_sharing_enabled":true,"jetpack_featured_media_url":"https:\/\/mickyandoniehn.com\/radio\/wp-content\/uploads\/2022\/05\/amilcar-lanza-e1630041284546-aI3i2V.jpeg","_links":{"self":[{"href":"https:\/\/mickyandoniehn.com\/radio\/wp-json\/wp\/v2\/posts\/17697","targetHints":{"allow":["GET"]}}],"collection":[{"href":"https:\/\/mickyandoniehn.com\/radio\/wp-json\/wp\/v2\/posts"}],"about":[{"href":"https:\/\/mickyandoniehn.com\/radio\/wp-json\/wp\/v2\/types\/post"}],"replies":[{"embeddable":true,"href":"https:\/\/mickyandoniehn.com\/radio\/wp-json\/wp\/v2\/comments?post=17697"}],"version-history":[{"count":0,"href":"https:\/\/mickyandoniehn.com\/radio\/wp-json\/wp\/v2\/posts\/17697\/revisions"}],"wp:featuredmedia":[{"embeddable":true,"href":"https:\/\/mickyandoniehn.com\/radio\/wp-json\/wp\/v2\/media\/17698"}],"wp:attachment":[{"href":"https:\/\/mickyandoniehn.com\/radio\/wp-json\/wp\/v2\/media?parent=17697"}],"wp:term":[{"taxonomy":"category","embeddable":true,"href":"https:\/\/mickyandoniehn.com\/radio\/wp-json\/wp\/v2\/categories?post=17697"},{"taxonomy":"post_tag","embeddable":true,"href":"https:\/\/mickyandoniehn.com\/radio\/wp-json\/wp\/v2\/tags?post=17697"}],"curies":[{"name":"wp","href":"https:\/\/api.w.org\/{rel}","templated":true}]}}