{"id":16417,"date":"2022-05-16T08:13:11","date_gmt":"2022-05-16T14:13:11","guid":{"rendered":"http:\/\/mickyandoniehn.com\/radio\/2022\/05\/16\/etnias-hondurenas-piden-crear-secretaria-para-el-desarrollo-de-sus-pueblos-2\/"},"modified":"2022-05-16T08:13:11","modified_gmt":"2022-05-16T14:13:11","slug":"etnias-hondurenas-piden-crear-secretaria-para-el-desarrollo-de-sus-pueblos-2","status":"publish","type":"post","link":"https:\/\/mickyandoniehn.com\/radio\/2022\/05\/16\/etnias-hondurenas-piden-crear-secretaria-para-el-desarrollo-de-sus-pueblos-2\/","title":{"rendered":"Etnias hondure\u00f1as piden crear Secretar\u00eda para el desarrollo de sus pueblos"},"content":{"rendered":"<p><strong>Tegucigalpa,Honduras lunes 16 mayo 2022<\/strong><\/p>\n<\/p>\n<p>La Plataforma Integral de los Pueblos Ind\u00edgenas y Creoles le pidi\u00f3 \u00a0al Gobierno de Honduras, que preside Xiomara Castro, la creaci\u00f3n de una Secretar\u00eda para el desarrollo de sus comunidades.<\/p>\n<p>\u201cEstamos aqu\u00ed con el \u00fanico objetivo de poderle plantear a la presidenta que cree la Secretar\u00eda para el Desarrollo Integral de los Pueblos Originarios, Ind\u00edgenas, Gar\u00edfunas y Creoles\u201d, dijo a Efe el coordinador de los nueve pueblos ind\u00edgenas de Honduras, Modesto Morales, de la etnia misquita.<\/p>\n<p>La petici\u00f3n la hicieron decenas de pobladores ind\u00edgenas y gar\u00edfunas (negros) en una manifestaci\u00f3n frente a la Casa Presidencial en Tegucigalpa.<\/p>\n<p>Agreg\u00f3 que centenares de habitantes de los pueblos ind\u00edgenas chort\u00eds, lencas, tolupanes, misquitos y gar\u00edfunas llegaron hasta la capital para entregarle una carta con sus peticiones a la presidenta Castro.<\/p>\n<p>En su carta, los manifestantes tambi\u00e9n pidieron que \u201cel Gobierno impulse los proyectos de desarrollo productivo para nuestros pueblos, a trav\u00e9s de un equipo t\u00e9cnico con representantes de los pueblos originarios ind\u00edgenas, gar\u00edfunas y creoles\u201d.<\/p>\n<p>Morales se\u00f1al\u00f3 adem\u00e1s que el Gobierno tambi\u00e9n debe \u201cpermitir la incorporaci\u00f3n de nuestros profesionales t\u00e9cnicos, de acuerdo con el curr\u00edculum para ser integrados a secretar\u00edas de Estado, para que desde all\u00ed ellos puedan colaborar con la solidaridad de sus pueblos\u201d.<\/p>\n<p>La cuarta petici\u00f3n de los grupos \u00e9tnicos es la creaci\u00f3n, \u201cv\u00eda decreto ejecutivo, para la ratificaci\u00f3n, validaci\u00f3n y fiel cumplimiento de la Declaraci\u00f3n de los Pueblos Originarios, ratificado el 7 de septiembre de 2007 en Washington por las Naciones Unidas y otros convenios como el 169\u201d, de la Organizaci\u00f3n Internacional del Trabajo (OIT).<\/p>\n<p>La ministra de Cultura, Anarella V\u00e9lez, dijo a Efe, ante los manifestantes, que una representaci\u00f3n de ellos ser\u00eda recibida hoy hacia las 13.00 horas locales (19.00 GMT).<\/p>\n<p>Los ind\u00edgenas y gar\u00edfunas portaban la bandera de Honduras y pancartas con mensajes como \u201cM\u00e1s salud y educaci\u00f3n para toda la poblaci\u00f3n de nuestros pueblos\u201d, \u201cPor una reivindicaci\u00f3n de nuestras ra\u00edces\u201d y \u201cRescate a nuestros derechos como pueblo tolup\u00e1n\u201d.<\/p>\n<p>En la manifestaci\u00f3n participaron hombres, mujeres y ni\u00f1os.<\/p>\n<p>Los gar\u00edfunas animaron el ambiente frente a la Casa Presidenci<\/p>\n<p><strong>Fuente: La Tribuna<\/strong><\/p>\n","protected":false},"excerpt":{"rendered":"<p>Tegucigalpa,Honduras lunes 16 mayo 2022 La Plataforma Integral de los Pueblos Ind\u00edgenas y Creoles le pidi\u00f3 \u00a0al Gobierno de Honduras, que preside Xiomara Castro, la creaci\u00f3n de una Secretar\u00eda para el desarrollo de sus comunidades. \u201cEstamos aqu\u00ed con el \u00fanico objetivo de poderle plantear a la presidenta que cree la Secretar\u00eda para el Desarrollo Integral &hellip;<\/p>\n","protected":false},"author":0,"featured_media":16418,"comment_status":"open","ping_status":"open","sticky":false,"template":"","format":"standard","meta":{"_jetpack_memberships_contains_paid_content":false,"footnotes":""},"categories":[5],"tags":[],"class_list":["post-16417","post","type-post","status-publish","format-standard","has-post-thumbnail","","category-noticias"],"jetpack_sharing_enabled":true,"jetpack_featured_media_url":"https:\/\/mickyandoniehn.com\/radio\/wp-content\/uploads\/2022\/05\/etnias-honduras-696x442-1-bxIWKU.jpeg","_links":{"self":[{"href":"https:\/\/mickyandoniehn.com\/radio\/wp-json\/wp\/v2\/posts\/16417","targetHints":{"allow":["GET"]}}],"collection":[{"href":"https:\/\/mickyandoniehn.com\/radio\/wp-json\/wp\/v2\/posts"}],"about":[{"href":"https:\/\/mickyandoniehn.com\/radio\/wp-json\/wp\/v2\/types\/post"}],"replies":[{"embeddable":true,"href":"https:\/\/mickyandoniehn.com\/radio\/wp-json\/wp\/v2\/comments?post=16417"}],"version-history":[{"count":0,"href":"https:\/\/mickyandoniehn.com\/radio\/wp-json\/wp\/v2\/posts\/16417\/revisions"}],"wp:featuredmedia":[{"embeddable":true,"href":"https:\/\/mickyandoniehn.com\/radio\/wp-json\/wp\/v2\/media\/16418"}],"wp:attachment":[{"href":"https:\/\/mickyandoniehn.com\/radio\/wp-json\/wp\/v2\/media?parent=16417"}],"wp:term":[{"taxonomy":"category","embeddable":true,"href":"https:\/\/mickyandoniehn.com\/radio\/wp-json\/wp\/v2\/categories?post=16417"},{"taxonomy":"post_tag","embeddable":true,"href":"https:\/\/mickyandoniehn.com\/radio\/wp-json\/wp\/v2\/tags?post=16417"}],"curies":[{"name":"wp","href":"https:\/\/api.w.org\/{rel}","templated":true}]}}