{"id":16278,"date":"2022-05-14T07:13:20","date_gmt":"2022-05-14T13:13:20","guid":{"rendered":"http:\/\/mickyandoniehn.com\/radio\/2022\/05\/14\/la-covid-aumento-el-porcentaje-de-bebes-cuidados-solo-por-sus-padres-en-la-ue\/"},"modified":"2022-05-14T07:13:20","modified_gmt":"2022-05-14T13:13:20","slug":"la-covid-aumento-el-porcentaje-de-bebes-cuidados-solo-por-sus-padres-en-la-ue","status":"publish","type":"post","link":"https:\/\/mickyandoniehn.com\/radio\/2022\/05\/14\/la-covid-aumento-el-porcentaje-de-bebes-cuidados-solo-por-sus-padres-en-la-ue\/","title":{"rendered":"La covid aument\u00f3 el porcentaje de beb\u00e9s cuidados solo por sus padres en la UE"},"content":{"rendered":"<p><strong>Tegucigalpa,Honduras s\u00e1bado 14 mayo 2022<\/strong><\/p>\n<\/p>\n<p>Las medidas impuestas para frenar la pandemia de covid provocaron un aumento del porcentaje de ni\u00f1os de menos de 3 a\u00f1os que fueron cuidados exclusivamente por sus padres en 2020, que alcanz\u00f3 el 53,4 %, un 13,4 % m\u00e1s que en el a\u00f1o precedente, inform\u00f3 este mi\u00e9rcoles la oficina estad\u00edstica comunitaria Eurostat.<\/p>\n<p>Casi un tercio de los menores de esa edad en la UE (32,3 %) fueron a guarder\u00edas u otros centros de cuidados al menos una hora a la semana en 2020 (un 8,5 % menos que en 2019), y un quinto (20,9 %) estuvieron a cargo de sus abuelos y otros familiares o cuidadores profesionales durante al menos una hora semanal (19,3 % menos que en el a\u00f1o anterior).<\/p>\n<div class=\"code-block code-block-24\">\n<p>Estos cambios, precis\u00f3 Eurostat \u201creflejan el impacto de las medidas del Covid-19 adoptadas por los Estados miembros de la UE para controlar la propagaci\u00f3n del virus\u201d.<\/p>\n<p>No obstante, el porcentaje de ni\u00f1os menores de tres a\u00f1os al cuidado solo de sus padres vari\u00f3 considerablemente entre los Estados miembros de la UE.<a href=\"https:\/\/freestar.com\/?utm_campaign=branding&amp;utm_medium=dynamicAd&amp;utm_source=latribuna.hn&amp;utm_content=latribuna_desktop_dynamic\"><\/a><\/p>\n<p>Los pa\u00edses en los que menos se encargaron solamente sus progenitores fueron Pa\u00edses Bajos y Portugal (21,9 %) y Dinamarca (29,1 %), mientras que m\u00e1s del 65 % de los ni\u00f1os estuvieron solo a cargo de sus padres en Chequia (66,3 %), Lituania (69,5 %), Bulgaria (71,8 %) y Alemania (80,2 %).<\/p>\n<p>En Espa\u00f1a ambos porcentajes se situaron por encima del 40 %, aunque fue algo superior el de los ni\u00f1os cuidados solo por sus padres (47,9 %).<\/p>\n<p>Por otra parte, al analizar los pa\u00edses donde m\u00e1s beb\u00e9s estuvieron en guarder\u00edas, Dinamarca se situ\u00f3 a la cabeza con un 67,7 % de ni\u00f1os que fueron al menos una hora por semana, seguida de los Pa\u00edses Bajos (67,6 %), Luxemburgo (63,2 %) y Francia (57,2 %).<\/p>\n<p>En el otro extremo, la proporci\u00f3n m\u00e1s baja de ni\u00f1os que recibieron cuidados en centros infantiles se encontraba en Chequia y Eslovaquia (4,8 %), seguidos de Rumania (6,8 %), Hungr\u00eda (10,5 %) y Polonia (11,2 %)<\/p>\n<\/div>\n<p><strong>Fuente: La Tribuna<\/strong><\/p>\n","protected":false},"excerpt":{"rendered":"<p>Tegucigalpa,Honduras s\u00e1bado 14 mayo 2022 Las medidas impuestas para frenar la pandemia de covid provocaron un aumento del porcentaje de ni\u00f1os de menos de 3 a\u00f1os que fueron cuidados exclusivamente por sus padres en 2020, que alcanz\u00f3 el 53,4 %, un 13,4 % m\u00e1s que en el a\u00f1o precedente, inform\u00f3 este mi\u00e9rcoles la oficina estad\u00edstica &hellip;<\/p>\n","protected":false},"author":0,"featured_media":16279,"comment_status":"open","ping_status":"open","sticky":false,"template":"","format":"standard","meta":{"_jetpack_memberships_contains_paid_content":false,"footnotes":""},"categories":[5],"tags":[],"class_list":["post-16278","post","type-post","status-publish","format-standard","has-post-thumbnail","","category-noticias"],"jetpack_sharing_enabled":true,"jetpack_featured_media_url":"https:\/\/mickyandoniehn.com\/radio\/wp-content\/uploads\/2022\/05\/pexels-gustavo-fring-4148842-1140x570-1-g4Kvfv.jpeg","_links":{"self":[{"href":"https:\/\/mickyandoniehn.com\/radio\/wp-json\/wp\/v2\/posts\/16278","targetHints":{"allow":["GET"]}}],"collection":[{"href":"https:\/\/mickyandoniehn.com\/radio\/wp-json\/wp\/v2\/posts"}],"about":[{"href":"https:\/\/mickyandoniehn.com\/radio\/wp-json\/wp\/v2\/types\/post"}],"replies":[{"embeddable":true,"href":"https:\/\/mickyandoniehn.com\/radio\/wp-json\/wp\/v2\/comments?post=16278"}],"version-history":[{"count":0,"href":"https:\/\/mickyandoniehn.com\/radio\/wp-json\/wp\/v2\/posts\/16278\/revisions"}],"wp:featuredmedia":[{"embeddable":true,"href":"https:\/\/mickyandoniehn.com\/radio\/wp-json\/wp\/v2\/media\/16279"}],"wp:attachment":[{"href":"https:\/\/mickyandoniehn.com\/radio\/wp-json\/wp\/v2\/media?parent=16278"}],"wp:term":[{"taxonomy":"category","embeddable":true,"href":"https:\/\/mickyandoniehn.com\/radio\/wp-json\/wp\/v2\/categories?post=16278"},{"taxonomy":"post_tag","embeddable":true,"href":"https:\/\/mickyandoniehn.com\/radio\/wp-json\/wp\/v2\/tags?post=16278"}],"curies":[{"name":"wp","href":"https:\/\/api.w.org\/{rel}","templated":true}]}}