{"id":15727,"date":"2022-05-09T08:13:52","date_gmt":"2022-05-09T14:13:52","guid":{"rendered":"http:\/\/mickyandoniehn.com\/radio\/2022\/05\/09\/intensifican-estrategias-en-contra-del-calentamiento-global\/"},"modified":"2022-05-09T08:13:52","modified_gmt":"2022-05-09T14:13:52","slug":"intensifican-estrategias-en-contra-del-calentamiento-global","status":"publish","type":"post","link":"https:\/\/mickyandoniehn.com\/radio\/2022\/05\/09\/intensifican-estrategias-en-contra-del-calentamiento-global\/","title":{"rendered":"Intensifican estrategias en contra del calentamiento global"},"content":{"rendered":"<p><strong>Tegucigalpa,Honduras lunes 09 mayo 2022<\/strong><\/p>\n<\/p>\n<p>El fundador de J\u00f3venes Contra el Calentamiento Global, Mario Pinel, firmaron con el edil de Siguatepeque, Asley Cruz, un memor\u00e1ndum de entendimiento, entre ambas representaciones.<\/p>\n<p>Como testigos de honor participaron el embajador de Israel, Eldad Gol\u00e1n; el embajador de Francia, Emmanuel Pineda; el rector de la Universidad Nacional de Ciencias Forestales (Unacifor), Emilio Esbeih, el diputado por Choluteca, Mauricio Rivera (Comisi\u00f3n de Ambiente) y el diputado por Comayagua, Yahv\u00e9 Sabill\u00f3n; el diputado por Comayagua, Elvyn Cabrera estamparon su firma.<\/p>\n<div class=\"code-block code-block-24\">\n<p>Pinel, quien lleva a\u00f1os trabajando en esta tem\u00e1tica expuso \u201ctenemos alrededor de cuatro mil j\u00f3venes en todo el pa\u00eds, son profesionales, capacitados, por lo que estamos buscando esos j\u00f3venes aqu\u00ed tambi\u00e9n, esta es la carta de entendimiento n\u00famero 177, para que puedan cuidar el agua, el bosque, decir no al calentamiento global, todo lo que implica en este tema, esta firma permite educar, acompa\u00f1ar a la corporaci\u00f3n, redirigir los proyectos que de aqu\u00ed se originen para con los pa\u00edses amigos que apoyan\u201d.<\/p>\n<p>Asimismo, el embajador de Francia, Emmanuel Pineda, destac\u00f3 \u201ces una iniciativa muy concreta, para mejorar la limpieza de las ciudades en lo que se refiere al pl\u00e1stico, reciclar, es un paso adelante para la econom\u00eda circular, esperamos se siga replicando m\u00e1s en otros lugares del pa\u00eds\u201d.<\/p>\n<p>Por su parte, el alcalde de Siguatepeque, Asley Guillermo Cruz, manifest\u00f3 \u201ceste momento es propicio para dar por inaugurada la megacampa\u00f1a municipal de limpieza \u201cPongamos Limpia a Siguatepeque\u201d, que tendr\u00e1 muchas actividades en esta semana, es muy importante la visita de los diplom\u00e1ticos de Francia e Israel a quienes les planteamos la necesidad de proyectos de agua en la ciudad y ese es nuestro objetivo, por eso apostamos a una ciudad verde, por eso nos unimos al cambio clim\u00e1tico\u201d.<\/p>\n<p>De igual manera, el rector de la Unacifor, especific\u00f3 \u201cnuestro inter\u00e9s de siempre en incentivar a la juventud a la poblaci\u00f3n a cuidar nuestra casa com\u00fan, y son compromisos grandes que tenemos como academia\u201d.<\/p>\n<\/div>\n<p><strong>Fuente: La Tribuna<\/strong><\/p>\n","protected":false},"excerpt":{"rendered":"<p>Tegucigalpa,Honduras lunes 09 mayo 2022 El fundador de J\u00f3venes Contra el Calentamiento Global, Mario Pinel, firmaron con el edil de Siguatepeque, Asley Cruz, un memor\u00e1ndum de entendimiento, entre ambas representaciones. Como testigos de honor participaron el embajador de Israel, Eldad Gol\u00e1n; el embajador de Francia, Emmanuel Pineda; el rector de la Universidad Nacional de Ciencias &hellip;<\/p>\n","protected":false},"author":0,"featured_media":15728,"comment_status":"open","ping_status":"open","sticky":false,"template":"","format":"standard","meta":{"_jetpack_memberships_contains_paid_content":false,"footnotes":""},"categories":[5],"tags":[],"class_list":["post-15727","post","type-post","status-publish","format-standard","has-post-thumbnail","","category-noticias"],"jetpack_sharing_enabled":true,"jetpack_featured_media_url":"https:\/\/mickyandoniehn.com\/radio\/wp-content\/uploads\/2022\/05\/Intensifican-estrategias-1-7cTI5Q.jpeg","_links":{"self":[{"href":"https:\/\/mickyandoniehn.com\/radio\/wp-json\/wp\/v2\/posts\/15727","targetHints":{"allow":["GET"]}}],"collection":[{"href":"https:\/\/mickyandoniehn.com\/radio\/wp-json\/wp\/v2\/posts"}],"about":[{"href":"https:\/\/mickyandoniehn.com\/radio\/wp-json\/wp\/v2\/types\/post"}],"replies":[{"embeddable":true,"href":"https:\/\/mickyandoniehn.com\/radio\/wp-json\/wp\/v2\/comments?post=15727"}],"version-history":[{"count":0,"href":"https:\/\/mickyandoniehn.com\/radio\/wp-json\/wp\/v2\/posts\/15727\/revisions"}],"wp:featuredmedia":[{"embeddable":true,"href":"https:\/\/mickyandoniehn.com\/radio\/wp-json\/wp\/v2\/media\/15728"}],"wp:attachment":[{"href":"https:\/\/mickyandoniehn.com\/radio\/wp-json\/wp\/v2\/media?parent=15727"}],"wp:term":[{"taxonomy":"category","embeddable":true,"href":"https:\/\/mickyandoniehn.com\/radio\/wp-json\/wp\/v2\/categories?post=15727"},{"taxonomy":"post_tag","embeddable":true,"href":"https:\/\/mickyandoniehn.com\/radio\/wp-json\/wp\/v2\/tags?post=15727"}],"curies":[{"name":"wp","href":"https:\/\/api.w.org\/{rel}","templated":true}]}}