{"id":1520,"date":"2021-10-24T07:15:12","date_gmt":"2021-10-24T13:15:12","guid":{"rendered":"http:\/\/mickyandoniehn.com\/radio\/2021\/10\/24\/24-de-octubre-dia-mundial-contra-la-poliomielitis\/"},"modified":"2021-10-24T07:15:12","modified_gmt":"2021-10-24T13:15:12","slug":"24-de-octubre-dia-mundial-contra-la-poliomielitis","status":"publish","type":"post","link":"https:\/\/mickyandoniehn.com\/radio\/2021\/10\/24\/24-de-octubre-dia-mundial-contra-la-poliomielitis\/","title":{"rendered":"24 de Octubre: Dia Mundial contra la Poliomielitis"},"content":{"rendered":"<p>El D\u00eda Mundial de la Poliomielitis fue establecido por el Rotary International hace m\u00e1s de una d\u00e9cada para conmemorar el nacimiento de Jonas Salk, quien dirigi\u00f3 el primer equipo para desarrollar una vacuna contra la poliomielitis. El uso de esta vacuna de poliovirus inactivado y el uso generalizado subsiguiente de la antipoliomiel\u00edtica oral, desarrollada por Albert Sabin, llev\u00f3 a la creaci\u00f3n de la Iniciativa de Erradicaci\u00f3n Mundial de la Poliomielitis (GPEI) en 1988. Desde entonces, la GPEI ha reducido la polio en todo el mundo en un 99%.<\/p>\n<p>La poliomielitis, tambi\u00e9n conocida como polio, es una enfermedad viral infecciosa e incurable que afecta al sistema nervioso. La mayor incidencia de la enfermedad se produce sobre todo en los menores de 5 a\u00f1os.<\/p>\n<p>\u00abEs una enfermedad infecciosa viral que se puede contagiar entre personas, y que, en aquella minor\u00eda de personas con su afectaci\u00f3n m\u00e1s grave, puede provocar importantes lesiones neurol\u00f3gicas incluyendo par\u00e1lisis, dificultad para respirar o para tragar, o incluso, la muerte\u00bb<\/p>\n<p>\u00abEs producida por el poliovirus, un enterovirus con neurotropismo, que afecta a las motoneuronas de la m\u00e9dula espinal y el tronco del enc\u00e9falo<\/p>\n<p><strong>Causas<\/strong><\/p>\n<p>El virus de la polio se transmite por v\u00eda oral, mediante alimentos y bebidas contaminadas por el virus y a trav\u00e9s del contacto con la saliva o las heces de una persona infectada. \u00abSe puede adquirir en la naturaleza o por transmisi\u00f3n entre humanos generalmente por v\u00eda fecal-oral, es decir, por agua contaminada, aunque tambi\u00e9n en ambientes con m\u00e1s higiene, se produce la transmisi\u00f3n oral-oral, es decir, por gotas de saliva<\/p>\n<p>Tras la infecci\u00f3n, \u00abel virus penetra en el tejido linfoide de la orofaringe y del tubo digestivo, produciendo un periodo de viremia y posterior diseminaci\u00f3n. La enfermedad se produce si la infecci\u00f3n no es controlada por el sistema inmune, pudiendo en un peque\u00f1o porcentaje de pacientes llegar el virus a alcanzar el sistema nervioso central, da\u00f1ando principalmente las neuronas motoras en la m\u00e9dula espinal y pudiendo tambi\u00e9n afectar al enc\u00e9falo\u00bb<\/p>\n<p><strong>S\u00edntomas<\/strong><\/p>\n<p>En la gran mayor\u00eda de los pacientes \u00abla infecci\u00f3n va a pasar desapercibida, permaneciendo en m\u00e1s del 90% de los casos asintom\u00e1ticos<\/p>\n<p>En torno a un 5% de los pacientes van a tener un cuadro leve de la enfermedad denominada polio abortiva. Tras un periodo de incubaci\u00f3n de 4 a 10 d\u00edas, pueden sufrir s\u00edntomas inespec\u00edficos comunes a otros procesos virales, con fiebre, dolor de cabeza o de garganta, n\u00e1useas o v\u00f3mitos, cansancio y malestar general\u00bb<\/p>\n<p>En solo una peque\u00f1a proporci\u00f3n de los pacientes, \u00abeste cuadro progresar\u00e1 en unos pocos d\u00edas -y a veces tras una aparente mejor\u00eda-, a un cuadro de meningitis, con mayor dolor de cabeza, dolor y rigidez cervical, y v\u00f3mitos\u00bb. Es la denominada poliomielitis no paral\u00edtica.<\/p>\n<p>En menos de un 1% (aproximadamente en torno a un 0,1%), \u00abpasados 2 a 5 d\u00edas de la meningitis puede dar lugar una fase m\u00e1s grave y peligrosa al producirse una destrucci\u00f3n de las neuronas motoras, la llamada poliomielitis paral\u00edtica\u00bb. \u00abSe produce t\u00edpicamente una par\u00e1lisis fl\u00e1cida asim\u00e9trica (no afectando a ambos lados del cuerpo por igual) que progresa en 2 o 3 d\u00edas, y que afecta m\u00e1s a los m\u00fasculos m\u00e1s proximales de uno o de los dos miembros inferiores, pero que puede afectar tambi\u00e9n a los brazos\u00bb.<\/p>\n<p>Se acompa\u00f1a de \u00abfuertes dolores musculares\u00bb y en las formas m\u00e1s graves que pueden conllevar incluso \u00abriesgo vital, afectar a los m\u00fasculos respiratorios provocando insuficiencia respiratoria, al habla o la capacidad para deglutir con incapacidad de controlar las secreciones bucales\u00bb.<\/p>\n<p>\u00abLa sensibilidad suele estar, sin embargo, conservada\u00bb.<\/p>\n<p>La mayor\u00eda de los pacientes \u00absuperan esta fase paral\u00edtica de la enfermedad, si bien en torno a un 2-15% de ellos puede llegar a fallecer, sobre todo aquellos con la afectaci\u00f3n del bulbo del enc\u00e9falo\u00bb. Tras esta fase aguda de la enfermedad, \u00abaproximadamente 2 de cada 3 personas no se recuperar\u00e1n de manera completa, permaneciendo con secuelas permanentes motoras\u00bb.<\/p>\n<p><strong>Prevenci\u00f3n<\/strong><\/p>\n<p>La poliomielitis es una enfermedad que se puede prevenir.<\/p>\n<p>\u00abLos ni\u00f1os tienen incluida en su calendario vacunal infantil la vacuna de la polio inactivada, altamente eficaz\u00bb. En el caso de los adultos, \u00abse recomienda en el caso de viajes al extranjero a pa\u00edses donde no est\u00e9 todav\u00eda erradicada, acudir a un centro de vacunaci\u00f3n internacional donde se valorar\u00e1 la conveniencia de su recibir vacunaci\u00f3n\u00bb.<\/p>\n<p>Existen dos tipos:<\/p>\n<p>En el primer tipo se usa un poliovirus vivo debilitado y se administra por v\u00eda oral mediante gotas.<\/p>\n<p>La segunda, es una vacuna que no est\u00e1 activada y se administra mediante inyecci\u00f3n.<\/p>\n<p><strong>Diagn\u00f3stico<\/strong><\/p>\n<p>La poliomielitis puede ser diagnosticada mediante cultivos de faringeos o heces. Tambi\u00e9n se utilizan ex\u00e1menes del l\u00edquido cefalorraqu\u00eddeo y an\u00e1lisis para determinar los niveles de anticuerpos que act\u00faan contra el virus.<\/p>","protected":false},"excerpt":{"rendered":"<p>El D\u00eda Mundial de la Poliomielitis fue establecido por el Rotary International hace m\u00e1s de una d\u00e9cada para conmemorar el nacimiento de Jonas Salk, quien dirigi\u00f3 el primer equipo para desarrollar una vacuna contra la poliomielitis. El uso de esta vacuna de poliovirus inactivado y el uso generalizado subsiguiente de la antipoliomiel\u00edtica oral, desarrollada por &hellip;<\/p>\n","protected":false},"author":0,"featured_media":1521,"comment_status":"open","ping_status":"open","sticky":false,"template":"","format":"standard","meta":{"_jetpack_memberships_contains_paid_content":false,"footnotes":""},"categories":[5],"tags":[],"class_list":["post-1520","post","type-post","status-publish","format-standard","has-post-thumbnail","","category-noticias"],"jetpack_sharing_enabled":true,"jetpack_featured_media_url":"https:\/\/mickyandoniehn.com\/radio\/wp-content\/uploads\/2021\/10\/WhatsApp-Image-2019-10-22-at-3.47.37-PM-960x960-1-fbBpOW.jpeg","_links":{"self":[{"href":"https:\/\/mickyandoniehn.com\/radio\/wp-json\/wp\/v2\/posts\/1520","targetHints":{"allow":["GET"]}}],"collection":[{"href":"https:\/\/mickyandoniehn.com\/radio\/wp-json\/wp\/v2\/posts"}],"about":[{"href":"https:\/\/mickyandoniehn.com\/radio\/wp-json\/wp\/v2\/types\/post"}],"replies":[{"embeddable":true,"href":"https:\/\/mickyandoniehn.com\/radio\/wp-json\/wp\/v2\/comments?post=1520"}],"version-history":[{"count":0,"href":"https:\/\/mickyandoniehn.com\/radio\/wp-json\/wp\/v2\/posts\/1520\/revisions"}],"wp:featuredmedia":[{"embeddable":true,"href":"https:\/\/mickyandoniehn.com\/radio\/wp-json\/wp\/v2\/media\/1521"}],"wp:attachment":[{"href":"https:\/\/mickyandoniehn.com\/radio\/wp-json\/wp\/v2\/media?parent=1520"}],"wp:term":[{"taxonomy":"category","embeddable":true,"href":"https:\/\/mickyandoniehn.com\/radio\/wp-json\/wp\/v2\/categories?post=1520"},{"taxonomy":"post_tag","embeddable":true,"href":"https:\/\/mickyandoniehn.com\/radio\/wp-json\/wp\/v2\/tags?post=1520"}],"curies":[{"name":"wp","href":"https:\/\/api.w.org\/{rel}","templated":true}]}}