{"id":14898,"date":"2022-04-29T14:12:35","date_gmt":"2022-04-29T20:12:35","guid":{"rendered":"http:\/\/mickyandoniehn.com\/radio\/2022\/04\/29\/medicos-y-expertos-analizan-la-aliminacion-de-uso-de-mascarillas-en-honduras\/"},"modified":"2022-04-29T14:12:35","modified_gmt":"2022-04-29T20:12:35","slug":"medicos-y-expertos-analizan-la-aliminacion-de-uso-de-mascarillas-en-honduras","status":"publish","type":"post","link":"https:\/\/mickyandoniehn.com\/radio\/2022\/04\/29\/medicos-y-expertos-analizan-la-aliminacion-de-uso-de-mascarillas-en-honduras\/","title":{"rendered":"M\u00e9dicos y expertos analizan la aliminaci\u00f3n de uso de mascarillas en Honduras"},"content":{"rendered":"<p><strong>Tegucigalpa,Honduras viernes 29 abril \u00a02022<\/strong><\/p>\n<\/p>\n<p>La eliminaci\u00f3n del uso de mascarillas en exteriores en Honduras es analizada por m\u00e9dicos y expertos, en respuesta a la reducci\u00f3n de casos de COVID-19 en el territorio nacional.<\/p>\n<p>El presidente del Consejo Consultivo de Inmunizaci\u00f3n de Honduras (CCIN), Renato Valenzuela, sobre la eliminaci\u00f3n de la mascarilla en exteriores, dijo que \u201chemos discutido, y en base a lo que ha dicho el doctor Romero, ya tendr\u00edamos bases suficientes para dejar atr\u00e1s la mascarilla en exteriores\u201d.<\/p>\n<div class=\"code-block code-block-24\">\n\u201cCreemos que es muy prematuro, queremos que pase un tiempo despu\u00e9s de la aglomeraci\u00f3n que hubo en Semana Santa para ver si las curva de casos nuevos y la curva de casos hospitalizados y la curva de muertes, se mantiene, para tomar una decisi\u00f3n en bases reales, cient\u00edficos, en hechos concretos y no decir nos equivocamos\u201d, expres\u00f3.<\/p>\n<p>\u201cPor el momento seguimos recomendando que se use la mascarilla, especialmente en lugares cerrados, en lugares abiertos no es tan indispensable, as\u00ed que si lo hemos pensado\u201d.<\/p>\n<p><strong>Actuar con cautela<\/strong><\/p>\n<p>Por su parte, el epidemi\u00f3logo Jos\u00e9 Lara, los n\u00fameros y las proyecciones epidemiol\u00f3gicas nos dicen que ya superamos\u00a0 los casos, tenemos pocos muertos y en muchos pa\u00edses ya est\u00e1n tomando estas decisiones, que a nosotros nos va a tocar tomar en breve.<\/p>\n<p>Efectivamente, hay que esperar cu\u00e1l es el resultado de la gran movilizaci\u00f3n en Semana Santa, pero si todo continua as\u00ed y no tenemos muertos y los hospitales est\u00e1n vac\u00edos por casos de COVID-19 y los \u00edndices de vacunaci\u00f3n siguen aumentando, es momento que empecemos a tomar esas decisiones, puesto que ya no hay ninguna raz\u00f3n epidemiol\u00f3gica para que en todo momento usemos la mascarilla.<\/p>\n<p>Todos los pa\u00edses y nosotros vamos en ese camino, estamos viendo la disminuci\u00f3n de casos, pero adem\u00e1s ese efecto de las vacunas se est\u00e1 mostrando.<\/p>\n<p>\u201cDebemos esperar a que disminuya el porcentaje de contagios y decesos, porque ya no tenemos muertes\u201d, coment\u00f3 Lara.<\/p>\n<p>Seg\u00fan Lara, el 60 por ciento de la poblaci\u00f3n ya est\u00e1 vacunada, pero la poblaci\u00f3n m\u00e1s vulnerable, como los ni\u00f1os y adultos mayores, est\u00e1n recibiendo una atenci\u00f3n especial y es el resultado de que tenemos m\u00e1s riesgo de contagiarnos y morir.<\/p>\n<p>Agreg\u00f3 \u201cestamos llegando al nivel de discutir si se utiliza o no el uso de cubrebocas en sitios abiertos\u201d<\/p>\n<p>Han pasado dos o tres semanas en las que no ha habido muertos o han sido muy pocos los decesos\u201d.<\/p>\n<p>Acaba de pasar la Semana Santa y hay que esperar a que pase m\u00e1s tiempo para discutir el tema y muy probablemente pronto estaremos los equipos t\u00e9cnicos responsables , se\u00f1al\u00f3 el epidemi\u00f3logo hondure\u00f1o.<\/p>\n<p>En ese sentido, de acuerdo con los especialistas, entre unos dos o tres meses se estar\u00eda eliminando el uso del cubrebocas en exteriores.<\/p>\n<\/div>\n<p><strong>Fuente: La Tribuna<\/strong><\/p>\n","protected":false},"excerpt":{"rendered":"<p>Tegucigalpa,Honduras viernes 29 abril \u00a02022 La eliminaci\u00f3n del uso de mascarillas en exteriores en Honduras es analizada por m\u00e9dicos y expertos, en respuesta a la reducci\u00f3n de casos de COVID-19 en el territorio nacional. El presidente del Consejo Consultivo de Inmunizaci\u00f3n de Honduras (CCIN), Renato Valenzuela, sobre la eliminaci\u00f3n de la mascarilla en exteriores, dijo &hellip;<\/p>\n","protected":false},"author":0,"featured_media":14899,"comment_status":"open","ping_status":"open","sticky":false,"template":"","format":"standard","meta":{"_jetpack_memberships_contains_paid_content":false,"footnotes":""},"categories":[5],"tags":[],"class_list":["post-14898","post","type-post","status-publish","format-standard","has-post-thumbnail","","category-noticias"],"jetpack_sharing_enabled":true,"jetpack_featured_media_url":"https:\/\/mickyandoniehn.com\/radio\/wp-content\/uploads\/2022\/04\/Mascarillas-tapabocas-MsGPtU.jpeg","_links":{"self":[{"href":"https:\/\/mickyandoniehn.com\/radio\/wp-json\/wp\/v2\/posts\/14898","targetHints":{"allow":["GET"]}}],"collection":[{"href":"https:\/\/mickyandoniehn.com\/radio\/wp-json\/wp\/v2\/posts"}],"about":[{"href":"https:\/\/mickyandoniehn.com\/radio\/wp-json\/wp\/v2\/types\/post"}],"replies":[{"embeddable":true,"href":"https:\/\/mickyandoniehn.com\/radio\/wp-json\/wp\/v2\/comments?post=14898"}],"version-history":[{"count":0,"href":"https:\/\/mickyandoniehn.com\/radio\/wp-json\/wp\/v2\/posts\/14898\/revisions"}],"wp:featuredmedia":[{"embeddable":true,"href":"https:\/\/mickyandoniehn.com\/radio\/wp-json\/wp\/v2\/media\/14899"}],"wp:attachment":[{"href":"https:\/\/mickyandoniehn.com\/radio\/wp-json\/wp\/v2\/media?parent=14898"}],"wp:term":[{"taxonomy":"category","embeddable":true,"href":"https:\/\/mickyandoniehn.com\/radio\/wp-json\/wp\/v2\/categories?post=14898"},{"taxonomy":"post_tag","embeddable":true,"href":"https:\/\/mickyandoniehn.com\/radio\/wp-json\/wp\/v2\/tags?post=14898"}],"curies":[{"name":"wp","href":"https:\/\/api.w.org\/{rel}","templated":true}]}}