{"id":14809,"date":"2022-04-29T07:13:01","date_gmt":"2022-04-29T13:13:01","guid":{"rendered":"https:\/\/mickyandoniehn.com\/radio\/2022\/04\/29\/los-cumpleaneros-de-hoy-viernes-29-de-abril\/"},"modified":"2022-04-29T07:13:01","modified_gmt":"2022-04-29T13:13:01","slug":"los-cumpleaneros-de-hoy-viernes-29-de-abril","status":"publish","type":"post","link":"https:\/\/mickyandoniehn.com\/radio\/2022\/04\/29\/los-cumpleaneros-de-hoy-viernes-29-de-abril\/","title":{"rendered":"Los Cumplea\u00f1eros de hoy Viernes 29 de Abril"},"content":{"rendered":"<\/p>\n<p><span><strong>Nuestros Amigos:<\/strong><\/span><\/p>\n<p>Alex Sauceda<br \/>\nAlim Alim<br \/>\nAmadou B\u00e2<br \/>\nDora Chacon<br \/>\nFatima Alexandra Flores Flores<br \/>\nFfranklin Eeduardoo DDavila<br \/>\nJenny Amador<br \/>\nLiliana Zelaya<br \/>\nMaria Luisa Hernandez Guevara<br \/>\nMaria Mendoza<br \/>\nMayra Paz De Andino<br \/>\nSonny De Dios<\/p>\n<p><span><strong>Personalidades:<\/strong><\/span><\/p>\n<p>Celeste Holm: Fue una actriz estadounidense<br \/>\nG\u00e9rard Oury: Fue un director y actor franc\u00e9s<br \/>\nJean Rochefort: Fue un actor franc\u00e9s<br \/>\nKate Mulgrew: Es una actriz estadounidense<\/p>\n","protected":false},"excerpt":{"rendered":"<p>Nuestros Amigos: Alex Sauceda Alim Alim Amadou B\u00e2 Dora Chacon Fatima Alexandra Flores Flores Ffranklin Eeduardoo DDavila Jenny Amador Liliana Zelaya Maria Luisa Hernandez Guevara Maria Mendoza Mayra Paz De Andino Sonny De Dios Personalidades: Celeste Holm: Fue una actriz estadounidense G\u00e9rard Oury: Fue un director y actor franc\u00e9s Jean Rochefort: Fue un actor franc\u00e9s &hellip;<\/p>\n","protected":false},"author":0,"featured_media":14810,"comment_status":"open","ping_status":"open","sticky":false,"template":"","format":"standard","meta":{"_jetpack_memberships_contains_paid_content":false,"footnotes":""},"categories":[5],"tags":[],"class_list":["post-14809","post","type-post","status-publish","format-standard","has-post-thumbnail","","category-noticias"],"jetpack_sharing_enabled":true,"jetpack_featured_media_url":"https:\/\/mickyandoniehn.com\/radio\/wp-content\/uploads\/2022\/04\/postal-de-feliz-cumpleanos-con-rosas-BBkZqd.jpeg","_links":{"self":[{"href":"https:\/\/mickyandoniehn.com\/radio\/wp-json\/wp\/v2\/posts\/14809","targetHints":{"allow":["GET"]}}],"collection":[{"href":"https:\/\/mickyandoniehn.com\/radio\/wp-json\/wp\/v2\/posts"}],"about":[{"href":"https:\/\/mickyandoniehn.com\/radio\/wp-json\/wp\/v2\/types\/post"}],"replies":[{"embeddable":true,"href":"https:\/\/mickyandoniehn.com\/radio\/wp-json\/wp\/v2\/comments?post=14809"}],"version-history":[{"count":0,"href":"https:\/\/mickyandoniehn.com\/radio\/wp-json\/wp\/v2\/posts\/14809\/revisions"}],"wp:featuredmedia":[{"embeddable":true,"href":"https:\/\/mickyandoniehn.com\/radio\/wp-json\/wp\/v2\/media\/14810"}],"wp:attachment":[{"href":"https:\/\/mickyandoniehn.com\/radio\/wp-json\/wp\/v2\/media?parent=14809"}],"wp:term":[{"taxonomy":"category","embeddable":true,"href":"https:\/\/mickyandoniehn.com\/radio\/wp-json\/wp\/v2\/categories?post=14809"},{"taxonomy":"post_tag","embeddable":true,"href":"https:\/\/mickyandoniehn.com\/radio\/wp-json\/wp\/v2\/tags?post=14809"}],"curies":[{"name":"wp","href":"https:\/\/api.w.org\/{rel}","templated":true}]}}