{"id":14795,"date":"2022-04-29T07:12:58","date_gmt":"2022-04-29T13:12:58","guid":{"rendered":"https:\/\/mickyandoniehn.com\/radio\/2022\/04\/29\/bandera-nacional-de-honduras-ondea-en-el-campamento-base-del-monte-everest\/"},"modified":"2022-04-29T07:12:58","modified_gmt":"2022-04-29T13:12:58","slug":"bandera-nacional-de-honduras-ondea-en-el-campamento-base-del-monte-everest","status":"publish","type":"post","link":"https:\/\/mickyandoniehn.com\/radio\/2022\/04\/29\/bandera-nacional-de-honduras-ondea-en-el-campamento-base-del-monte-everest\/","title":{"rendered":"Bandera Nacional de Honduras ondea en el Campamento Base del Monte Everest"},"content":{"rendered":"<p><strong>Tegucigalpa,Honduras viernes 29 abril 2022<\/strong><\/p>\n<\/p>\n<p>La Bandera Nacional de Honduras ondea en el Campamento Base del Monte Everest, gracias al alpinista hondure\u00f1o Ronald Quintero (40), quien ser\u00e1 el primer hondure\u00f1o en escalar la monta\u00f1a m\u00e1s grande del mundo, ubicada en la frontera entre China y Nepal.<\/p>\n<p>El tambi\u00e9n licenciado en Administraci\u00f3n de Empresas, es apasionado del atletismo, escalada y monta\u00f1ismo, naci\u00f3 y creci\u00f3 en el pueblo de Camasca, en el departamento de Intibuc\u00e1, pero a los 16 a\u00f1os emigr\u00f3 hacia los Estados Unidos y actualmente reside en la ciudad de Berkeley, California.<\/p>\n<p>El pasado s\u00e1bado p\u00fablico en su cuenta de Instagram, \u201cPerd\u00f3n por la actualizaci\u00f3n tard\u00eda, pero estoy oficialmente en el campamento base en el Everest. Llegamos ayer, esta ma\u00f1ana nos despertamos por primera vez para nuestra ceremonia de Puja dedicada a nuestro equipo de 4 expedicionarios Everest-Lhotse\u201d.<\/p>\n<p>\u201cCrec\u00ed en un entorno desfavorecido, pero nunca lo vi como un obst\u00e1culo. Nunca supe lo que era tener juguetes modernos, as\u00ed que solo necesit\u00e9 mi imaginaci\u00f3n para salir y jugar al aire libre, trepar a los \u00e1rboles y explorar los arroyos del r\u00edo\u201d, cont\u00f3 Ronald Quintero a la Federaci\u00f3n Hondure\u00f1a de Deportes de Monta\u00f1a y Escalada.<\/p>\n<p>\u00a0<\/p>\n<p><strong>Fuente: La Tribuna<\/strong><\/p>\n","protected":false},"excerpt":{"rendered":"<p>Tegucigalpa,Honduras viernes 29 abril 2022 La Bandera Nacional de Honduras ondea en el Campamento Base del Monte Everest, gracias al alpinista hondure\u00f1o Ronald Quintero (40), quien ser\u00e1 el primer hondure\u00f1o en escalar la monta\u00f1a m\u00e1s grande del mundo, ubicada en la frontera entre China y Nepal. El tambi\u00e9n licenciado en Administraci\u00f3n de Empresas, es apasionado &hellip;<\/p>\n","protected":false},"author":0,"featured_media":14796,"comment_status":"open","ping_status":"open","sticky":false,"template":"","format":"standard","meta":{"_jetpack_memberships_contains_paid_content":false,"footnotes":""},"categories":[5],"tags":[],"class_list":["post-14795","post","type-post","status-publish","format-standard","has-post-thumbnail","","category-noticias"],"jetpack_sharing_enabled":true,"jetpack_featured_media_url":"https:\/\/mickyandoniehn.com\/radio\/wp-content\/uploads\/2022\/04\/hondureno-Campamento-Base-del-Monte-Everest-VckKri.jpeg","_links":{"self":[{"href":"https:\/\/mickyandoniehn.com\/radio\/wp-json\/wp\/v2\/posts\/14795","targetHints":{"allow":["GET"]}}],"collection":[{"href":"https:\/\/mickyandoniehn.com\/radio\/wp-json\/wp\/v2\/posts"}],"about":[{"href":"https:\/\/mickyandoniehn.com\/radio\/wp-json\/wp\/v2\/types\/post"}],"replies":[{"embeddable":true,"href":"https:\/\/mickyandoniehn.com\/radio\/wp-json\/wp\/v2\/comments?post=14795"}],"version-history":[{"count":0,"href":"https:\/\/mickyandoniehn.com\/radio\/wp-json\/wp\/v2\/posts\/14795\/revisions"}],"wp:featuredmedia":[{"embeddable":true,"href":"https:\/\/mickyandoniehn.com\/radio\/wp-json\/wp\/v2\/media\/14796"}],"wp:attachment":[{"href":"https:\/\/mickyandoniehn.com\/radio\/wp-json\/wp\/v2\/media?parent=14795"}],"wp:term":[{"taxonomy":"category","embeddable":true,"href":"https:\/\/mickyandoniehn.com\/radio\/wp-json\/wp\/v2\/categories?post=14795"},{"taxonomy":"post_tag","embeddable":true,"href":"https:\/\/mickyandoniehn.com\/radio\/wp-json\/wp\/v2\/tags?post=14795"}],"curies":[{"name":"wp","href":"https:\/\/api.w.org\/{rel}","templated":true}]}}