{"id":13941,"date":"2022-04-21T06:12:35","date_gmt":"2022-04-21T12:12:35","guid":{"rendered":"http:\/\/mickyandoniehn.com\/radio\/2022\/04\/21\/fedecamaras-observa-con-asombro-incremento-al-presupuesto-de-la-republica\/"},"modified":"2022-04-21T06:12:35","modified_gmt":"2022-04-21T12:12:35","slug":"fedecamaras-observa-con-asombro-incremento-al-presupuesto-de-la-republica","status":"publish","type":"post","link":"https:\/\/mickyandoniehn.com\/radio\/2022\/04\/21\/fedecamaras-observa-con-asombro-incremento-al-presupuesto-de-la-republica\/","title":{"rendered":"Fedec\u00e1maras observa con asombro incremento al Presupuesto de la Rep\u00fablica"},"content":{"rendered":"<p><strong>Tegucigalpa,Honduras jueves 21 abril 2022<\/strong><\/p>\n<\/p>\n<p>El presidente de la <strong>Federaci\u00f3n de C\u00e1maras de Comercio e Industrias de Honduras <\/strong>(<strong>Fedec\u00e1maras<\/strong>),\u00a0<strong>Rolando Alvarenga<\/strong>, calific\u00f3 como sorprendente el aumento \u00a0de 51 millones de lempiras al Presupuesto General de la Rep\u00fablica en un \u00abpa\u00eds que est\u00e1 en crisis\u00bb.<\/p>\n<p>\u00abCada vez nos endeudamos m\u00e1s y no encontramos una salida real. Habr\u00eda que revisar bien el presupuesto porque en la parte de salud, educaci\u00f3n y seguridad vemos que los problemas han aumentado, en ese sentido, se tiene que enfocar bien el Presupuesto\u00bb, coment\u00f3.<\/p>\n<p>Enfatiz\u00f3 que actualmente en el momento que se vive la parte primordial a tratar es la seguridad-alimentaria ya que va aumentando el costo a la canasta b\u00e1sica.<\/p>\n<p>En cuanto a la peque\u00f1a y mediana empresa Alvarenga dijo que \u00abhay que esperar que pasa con la peque\u00f1a empresa que es la mayor\u00eda en Honduras, el impacto ser\u00e1 grande, no sabemos si habr\u00e1 una deprecaci\u00f3n de la moneda\u00bb.<\/p>\n<p>\u00abNo tenemos capacidad para pagar tanta deuda al final se podr\u00e1 entrar en una crisis m\u00e1s fuerte\u00bb, declar\u00f3 Alvarenga.<\/p>\n<p>\u00abNo hemos visto en cuanto disminuir\u00e1 el gobierno su gasto corriente, el gasto corriente solo afecta a la generalidad del pa\u00eds\u00bb, cuestion\u00f3 el empresario hondure\u00f1o.<\/p>\n<p>El Congreso Nacional de Honduras aprob\u00f3 el viernes 8 de abril el nuevo Presupuesto General de \u00a0Honduras y ser\u00e1 de 360,505 millones de lempiras, que representa un incremento del 16.9 por ciento con respecto al aprobado en diciembre de 2021, a un mes de que concluyera la administraci\u00f3n de\u00a0<strong>Juan Orlando Hern\u00e1ndez\u00a0<\/strong>(de L309 mil millones).<\/p>\n<p>Asimismo, <strong>Honduras\u00a0<\/strong>cerr\u00f3 el primer trimestre de 2022 con una inflaci\u00f3n acumulada de 2.52 por ciento, el Banco Central del pa\u00eds centroamericano (BCH).<\/p>\n<p><strong>Aprobaci\u00f3n<\/strong><\/p>\n<p>El\u00a0<strong>Congreso Nacional\u00a0<\/strong>aprob\u00f3 una modificaci\u00f3n al Presupuesto General, la cual asciende a 360,000 millones de lempiras, con el aumento d<\/p>\n<p><strong>Fuente: La Tribuna<\/strong><\/p>\n","protected":false},"excerpt":{"rendered":"<p>Tegucigalpa,Honduras jueves 21 abril 2022 El presidente de la Federaci\u00f3n de C\u00e1maras de Comercio e Industrias de Honduras (Fedec\u00e1maras),\u00a0Rolando Alvarenga, calific\u00f3 como sorprendente el aumento \u00a0de 51 millones de lempiras al Presupuesto General de la Rep\u00fablica en un \u00abpa\u00eds que est\u00e1 en crisis\u00bb. \u00abCada vez nos endeudamos m\u00e1s y no encontramos una salida real. Habr\u00eda &hellip;<\/p>\n","protected":false},"author":0,"featured_media":13942,"comment_status":"open","ping_status":"open","sticky":false,"template":"","format":"standard","meta":{"_jetpack_memberships_contains_paid_content":false,"footnotes":""},"categories":[5],"tags":[],"class_list":["post-13941","post","type-post","status-publish","format-standard","has-post-thumbnail","","category-noticias"],"jetpack_sharing_enabled":true,"jetpack_featured_media_url":"https:\/\/mickyandoniehn.com\/radio\/wp-content\/uploads\/2022\/04\/principal_dinero_Fede-rBnfjh.jpeg","_links":{"self":[{"href":"https:\/\/mickyandoniehn.com\/radio\/wp-json\/wp\/v2\/posts\/13941","targetHints":{"allow":["GET"]}}],"collection":[{"href":"https:\/\/mickyandoniehn.com\/radio\/wp-json\/wp\/v2\/posts"}],"about":[{"href":"https:\/\/mickyandoniehn.com\/radio\/wp-json\/wp\/v2\/types\/post"}],"replies":[{"embeddable":true,"href":"https:\/\/mickyandoniehn.com\/radio\/wp-json\/wp\/v2\/comments?post=13941"}],"version-history":[{"count":0,"href":"https:\/\/mickyandoniehn.com\/radio\/wp-json\/wp\/v2\/posts\/13941\/revisions"}],"wp:featuredmedia":[{"embeddable":true,"href":"https:\/\/mickyandoniehn.com\/radio\/wp-json\/wp\/v2\/media\/13942"}],"wp:attachment":[{"href":"https:\/\/mickyandoniehn.com\/radio\/wp-json\/wp\/v2\/media?parent=13941"}],"wp:term":[{"taxonomy":"category","embeddable":true,"href":"https:\/\/mickyandoniehn.com\/radio\/wp-json\/wp\/v2\/categories?post=13941"},{"taxonomy":"post_tag","embeddable":true,"href":"https:\/\/mickyandoniehn.com\/radio\/wp-json\/wp\/v2\/tags?post=13941"}],"curies":[{"name":"wp","href":"https:\/\/api.w.org\/{rel}","templated":true}]}}