{"id":13372,"date":"2022-04-13T06:13:55","date_gmt":"2022-04-13T12:13:55","guid":{"rendered":"http:\/\/mickyandoniehn.com\/radio\/2022\/04\/13\/el-bien-comun-es-un-principio-que-no-se-debe-perder-en-este-tiempo-de-crisis\/"},"modified":"2022-04-13T06:13:55","modified_gmt":"2022-04-13T12:13:55","slug":"el-bien-comun-es-un-principio-que-no-se-debe-perder-en-este-tiempo-de-crisis","status":"publish","type":"post","link":"https:\/\/mickyandoniehn.com\/radio\/2022\/04\/13\/el-bien-comun-es-un-principio-que-no-se-debe-perder-en-este-tiempo-de-crisis\/","title":{"rendered":"El bien com\u00fan es un principio que no se debe perder en este tiempo de crisis"},"content":{"rendered":"<p><strong>Tegucigalpa,Honduras mi\u00e9rcoles 13 abril 2022<\/strong><\/p>\n\n<p>\u201cUna sociedad que, en todos sus niveles, quiere positivamente estar al servicio del ser humano es aquella que se propone como meta prioritaria el bien com\u00fan\u201d plantea el numeral 165 de la Doctrina Social de la Iglesia (DSI). Estas palabras, est\u00e1n acorde a lo expresado por el Papa Francisco en relaci\u00f3n a la fat\u00eddica guerra que se vive en estos momentos entre Rusia y Ucrania. El Pont\u00edfice indic\u00f3 que \u201cEl bien com\u00fan se defiende con amor, no con la fuerza\u201d para que hagamos un examen de conciencia sobre la actitud personal que tomamos ante estos conflictos.<\/p>\n<h3><strong><em>Bien com\u00fan<\/em><\/strong><\/h3>\n<p>El compendio de la DSI, afirma tambi\u00e9n que \u201ccada naci\u00f3n tiene el deber de dar para establecer una verdadera cooperaci\u00f3n internacional, en vistas del bien com\u00fan de la humanidad entera, teniendo en mente las futuras generaciones\u201d. Eduardo Ramos, integrante del Instituto Hondure\u00f1o de Doctrina Social de la Iglesia, citando Gaudium Et Spest, del Concilio Vaticano II, dijo que, para que pueda trabajarse por el bien com\u00fan, se debe respetar y promover la dignidad de la persona humana, su vocaci\u00f3n y el bien de la sociedad. \u201cEl hombre es el autor, el centro y el fin de toda la vida econ\u00f3mico-social\u201d afirm\u00f3.<\/p>\n<p>El di\u00e1cono permanente Javier Suazo, ata\u00f1e que, estas palabras del Papa, nos ayudan a recordar que este principio de la DSI y menciona que, \u201cToda guerra es injusta y no tiene raz\u00f3n de ser porque nos conduce a un camino de tristeza, que nos aleja del di\u00e1logo y de la paz, adem\u00e1s de llevar a una separaci\u00f3n de las familias y los seres queridos. Todo esto provoca una ruptura para alcanzar el bien com\u00fan\u201d.<\/p>\n<h3><strong><em>1 Concepto<\/em><\/strong><\/h3>\n<p>El bien com\u00fan es el conjunto de condiciones de la vida social que hacen posible a las asociaciones y cada uno de sus miembros el logro m\u00e1s pleno y m\u00e1s f\u00e1cil de la propia perfecci\u00f3n, seg\u00fan lo detalla la Constituci\u00f3n Apost\u00f3lica Gaudium Et Spes en su numeral 26, promulgada en el Concilio Vaticano II.<\/p>\n<h3><strong><em>2 Desarrollo<\/em><\/strong><\/h3>\n<p>El bien com\u00fan implica un desarrollo integral, que no se tiene que reducir al simple crecimiento econ\u00f3mico y por ser aut\u00e9ntico, debe promover a todas las personas, como lo mencion\u00f3 San Pablo VI en la enc\u00edclica Populorum Progressio.<\/p>\n<h3><strong><em>3 Oraci\u00f3n<\/em><\/strong><\/h3>\n<p>Es imperante el llamado a la oraci\u00f3n por el cese de este conflicto, que cada d\u00eda nos est\u00e1 alejando del bien com\u00fan, principio fundamental de la Doctrina Social de la Iglesia, que es tan necesario para desarrollar a las naciones y sobre todo a la sociedad.<\/p>\n<p><strong>Fuente: La Tribuna<\/strong><\/p>","protected":false},"excerpt":{"rendered":"<p>Tegucigalpa,Honduras mi\u00e9rcoles 13 abril 2022 \u201cUna sociedad que, en todos sus niveles, quiere positivamente estar al servicio del ser humano es aquella que se propone como meta prioritaria el bien com\u00fan\u201d plantea el numeral 165 de la Doctrina Social de la Iglesia (DSI). Estas palabras, est\u00e1n acorde a lo expresado por el Papa Francisco en &hellip;<\/p>\n","protected":false},"author":0,"featured_media":13373,"comment_status":"open","ping_status":"open","sticky":false,"template":"","format":"standard","meta":{"_jetpack_memberships_contains_paid_content":false,"footnotes":""},"categories":[5],"tags":[],"class_list":["post-13372","post","type-post","status-publish","format-standard","has-post-thumbnail","","category-noticias"],"jetpack_sharing_enabled":true,"jetpack_featured_media_url":"https:\/\/mickyandoniehn.com\/radio\/wp-content\/uploads\/2022\/04\/Unknown-2-ACEy9s.jpeg","_links":{"self":[{"href":"https:\/\/mickyandoniehn.com\/radio\/wp-json\/wp\/v2\/posts\/13372","targetHints":{"allow":["GET"]}}],"collection":[{"href":"https:\/\/mickyandoniehn.com\/radio\/wp-json\/wp\/v2\/posts"}],"about":[{"href":"https:\/\/mickyandoniehn.com\/radio\/wp-json\/wp\/v2\/types\/post"}],"replies":[{"embeddable":true,"href":"https:\/\/mickyandoniehn.com\/radio\/wp-json\/wp\/v2\/comments?post=13372"}],"version-history":[{"count":0,"href":"https:\/\/mickyandoniehn.com\/radio\/wp-json\/wp\/v2\/posts\/13372\/revisions"}],"wp:featuredmedia":[{"embeddable":true,"href":"https:\/\/mickyandoniehn.com\/radio\/wp-json\/wp\/v2\/media\/13373"}],"wp:attachment":[{"href":"https:\/\/mickyandoniehn.com\/radio\/wp-json\/wp\/v2\/media?parent=13372"}],"wp:term":[{"taxonomy":"category","embeddable":true,"href":"https:\/\/mickyandoniehn.com\/radio\/wp-json\/wp\/v2\/categories?post=13372"},{"taxonomy":"post_tag","embeddable":true,"href":"https:\/\/mickyandoniehn.com\/radio\/wp-json\/wp\/v2\/tags?post=13372"}],"curies":[{"name":"wp","href":"https:\/\/api.w.org\/{rel}","templated":true}]}}