{"id":89724,"date":"2025-05-01T09:12:41","date_gmt":"2025-05-01T15:12:41","guid":{"rendered":"http:\/\/mickyandoniehn.com\/radio\/2025\/05\/01\/incendios-forestales-afectan-21000-hectareas-en-honduras-en-lo-que-va-de-2025\/"},"modified":"2025-05-01T09:12:41","modified_gmt":"2025-05-01T15:12:41","slug":"incendios-forestales-afectan-21000-hectareas-en-honduras-en-lo-que-va-de-2025","status":"publish","type":"post","link":"http:\/\/mickyandoniehn.com\/radio\/2025\/05\/01\/incendios-forestales-afectan-21000-hectareas-en-honduras-en-lo-que-va-de-2025\/","title":{"rendered":"Incendios forestales afectan 21,000 hect\u00e1reas en Honduras en lo que va de 2025"},"content":{"rendered":"<\/p>\n<p>01.05.2025<\/p>\n<div class=\"mt-6\"><\/div>\n<div class=\"main-content postContent_article__854B0 __className_cc7f07 __variable_1dd84e\">\n<p class=\"mb-[34px]\">Los<strong>\u00a0<\/strong><a href=\"https:\/\/www.tunota.com\/honduras-hoy\/incendios-forestales-en-honduras-dejan-mas-de-15000-hectareas-afectadas-en-2025-04-20\"><strong>incendios forestales<\/strong>\u00a0registrados entre enero y abril\u00a0<\/a>de 2025 en Honduras han afectado\u00a0<strong>21,038 hect\u00e1reas de bosques y vegetales<\/strong>, seg\u00fan cifras divulgadas este mi\u00e9rcoles por el\u00a0<strong>Instituto de Conservaci\u00f3n Forestal (ICF).<\/strong><\/p>\n<p class=\"mb-[34px]\">Desde el 1 de enero al 30 de abril, el pa\u00eds ha reportado\u00a0<strong>574 incendios,<\/strong>\u00a0de los cuales 419 ocurrieron en zonas boscosas. De igual forma, 109 en microcuencas y otros 65 en \u00e1reas protegidas del pa\u00eds centroamericano, se\u00f1ala un reporte del ICF.<\/p>\n<p class=\"mb-[34px]\">En cuanto al impacto, 15.945 hect\u00e1reas de bosque y 5,093 hect\u00e1reas de vegetaci\u00f3n han sido da\u00f1adas por las llamas en Honduras, detall\u00f3 el inform\u00e9.<\/p>\n<div class=\"container mx-auto px-4 flex justify-center my-2 bg-[#F5F5F5] overflow-hidden\">\n<div class=\"flex flex-col justify-center items-center \">\n<div class=\"my-1\">\n<div><\/div>\n<\/div>\n<\/div>\n<\/div>\n<p class=\"mb-[34px]\">Adem\u00e1s, agreg\u00f3 que de los 18 departamentos de Honduras,<strong>\u00a0Francisco Moraz\u00e1n,<\/strong>\u00a0donde se ubica Tegucigalpa, la capital,\u00a0<strong>es el m\u00e1s afectado<\/strong>; con 209 incendios que han dejado 7.101 hect\u00e1reas da\u00f1adas, precis\u00f3.<\/p>\n<p class=\"mb-[34px]\">Decenas de personas, entre ellas brigadistas del ICF, efectivos de las Fuerzas Armadas y personal de otras instituciones locales, trabajan de forma activa en el control y extinci\u00f3n de los incendios.<\/p>\n<p>Datos publicados por el ICF este 30 de abril a las 6:30 a. m., diferentes a los datos actualizados a la hora de edici\u00f3n de esta nota. Foto: cortes\u00eda de X del ICF<\/p>\n<h4>Incendios forestales en 2024<\/h4>\n<p class=\"mb-[34px]\">En 2024, Honduras registr\u00f3 3,170 incendios que afectaron un total de 296,789\u00a0<a href=\"https:\/\/www.tunota.com\/honduras-hoy\/el-fuego-arrasa-honduras-y-deja-sin-hogar-a-su-fauna-mas-valiosa-2025-04-04\">hect\u00e1reas de bosque y vegetaci\u00f3n,<\/a>\u00a0seg\u00fan cifras oficiales.<\/p>\n<p class=\"mb-[34px]\">Entre las principales causas de los siniestros figuran las\u00a0<strong>altas temperaturas, la quema agr\u00edcola\u00a0<\/strong>sin control y la<strong>\u00a0acci\u00f3n deliberada de personas.<\/strong><\/p>\n<div class=\"container mx-auto px-4 flex justify-center my-2 bg-[#F5F5F5] overflow-hidden\">\n<div class=\"flex flex-col justify-center items-center \">\n<div class=\"my-1\"><\/div>\n<\/div>\n<\/div>\n<p class=\"mb-[34px]\">Las autoridades estiman que el<strong>\u00a084 % de los incendios son provocados\u00a0<\/strong>por actividades humanas; muchas veces debido a la falta de supervisi\u00f3n en el uso del fuego, que f\u00e1cilmente se extiende hacia zonas monta\u00f1osas.<\/p>\n<p class=\"mb-[34px]\">Organizaciones medioambientales han se\u00f1alado que numerosos campesinos utilizan quemas para preparar tierras de cultivo, pero con frecuencia pierden el control del fuego, lo que termina desencadenando incendios forestales.<\/p>\n<p class=\"mb-[34px]\"><strong>Honduras pierde cada a\u00f1o entre 50.000 y 60.000\u00a0<\/strong>hect\u00e1reas de cobertura forestal, principalmente debido a la tala ilegal y los incendios.<\/p>\n<\/div>\n","protected":false},"excerpt":{"rendered":"<p>01.05.2025 Los\u00a0incendios forestales\u00a0registrados entre enero y abril\u00a0de 2025 en Honduras han afectado\u00a021,038 hect\u00e1reas de bosques y vegetales, seg\u00fan cifras divulgadas este mi\u00e9rcoles por el\u00a0Instituto de Conservaci\u00f3n Forestal (ICF). Desde el 1 de enero al 30 de abril, el pa\u00eds ha reportado\u00a0574 incendios,\u00a0de los cuales 419 ocurrieron en zonas boscosas. De igual forma, 109 en microcuencas &hellip;<\/p>\n","protected":false},"author":0,"featured_media":89725,"comment_status":"open","ping_status":"open","sticky":false,"template":"","format":"standard","meta":{"_jetpack_memberships_contains_paid_content":false,"footnotes":""},"categories":[5],"tags":[],"class_list":["post-89724","post","type-post","status-publish","format-standard","has-post-thumbnail","","category-noticias"],"jetpack_sharing_enabled":true,"jetpack_featured_media_url":"http:\/\/mickyandoniehn.com\/radio\/wp-content\/uploads\/2025\/05\/12-aTRayP.png","_links":{"self":[{"href":"http:\/\/mickyandoniehn.com\/radio\/wp-json\/wp\/v2\/posts\/89724","targetHints":{"allow":["GET"]}}],"collection":[{"href":"http:\/\/mickyandoniehn.com\/radio\/wp-json\/wp\/v2\/posts"}],"about":[{"href":"http:\/\/mickyandoniehn.com\/radio\/wp-json\/wp\/v2\/types\/post"}],"replies":[{"embeddable":true,"href":"http:\/\/mickyandoniehn.com\/radio\/wp-json\/wp\/v2\/comments?post=89724"}],"version-history":[{"count":0,"href":"http:\/\/mickyandoniehn.com\/radio\/wp-json\/wp\/v2\/posts\/89724\/revisions"}],"wp:featuredmedia":[{"embeddable":true,"href":"http:\/\/mickyandoniehn.com\/radio\/wp-json\/wp\/v2\/media\/89725"}],"wp:attachment":[{"href":"http:\/\/mickyandoniehn.com\/radio\/wp-json\/wp\/v2\/media?parent=89724"}],"wp:term":[{"taxonomy":"category","embeddable":true,"href":"http:\/\/mickyandoniehn.com\/radio\/wp-json\/wp\/v2\/categories?post=89724"},{"taxonomy":"post_tag","embeddable":true,"href":"http:\/\/mickyandoniehn.com\/radio\/wp-json\/wp\/v2\/tags?post=89724"}],"curies":[{"name":"wp","href":"https:\/\/api.w.org\/{rel}","templated":true}]}}