{"id":89671,"date":"2025-04-30T08:14:13","date_gmt":"2025-04-30T14:14:13","guid":{"rendered":"http:\/\/mickyandoniehn.com\/radio\/2025\/04\/30\/cien-plazas-disponibles-en-espacio-laboral-de-la-ccit\/"},"modified":"2025-04-30T08:14:13","modified_gmt":"2025-04-30T14:14:13","slug":"cien-plazas-disponibles-en-espacio-laboral-de-la-ccit","status":"publish","type":"post","link":"http:\/\/mickyandoniehn.com\/radio\/2025\/04\/30\/cien-plazas-disponibles-en-espacio-laboral-de-la-ccit\/","title":{"rendered":"Cien plazas disponibles en espacio laboral de la CCIT"},"content":{"rendered":"<p>29.04.2025<\/p>\n<\/p>\n<p>Cien plazas vacantes estar\u00e1n disponibles este mi\u00e9rcoles 30 de abril en el contexto del Espacio de Oportunidades Laborales de la C\u00e1mara de Comercio e Industria de Tegucigalpa (CCIT)<\/p>\n<p>La oficial de proyectos de la CCIT, Neyde Godoy invit\u00f3 a la ciudadan\u00eda a participar en la jornada de entrevistas presenciales que busca facilitar el acceso a empleo digno y conectar a empresas con personas capacitadas, motivadas y listas para integrarse al mundo laboral.<\/p>\n<p>El evento se lleva a cabo este 30 de abril en un horario de 9:00 de la ma\u00f1ana a 4:00 de la tarde, en las instalaciones de CCIT en un esfuerzo por seguir fortaleciendo el v\u00ednculo entre el sector privado y el talento nacional,<\/p>\n<div class=\"fs-iai fs-iai-sticky\">\n<div>\n<p>\u201cDurante esta jornada, m\u00e1s de 100 plazas vacantes estar\u00e1n disponibles para aplicaci\u00f3n inmediata en distintos niveles y sectores, desde posiciones operativas hasta cargos administrativos y gerenciales\u201d ampli\u00f3 Godoy.<\/p>\n<p>Esta iniciativa, que se ha posicionado como una de las m\u00e1s importantes pues permitir\u00e1 a los asistentes presentarse directamente con su curr\u00edculum y participar en entrevistas cara a cara con personal de recursos humanos de reconocidas empresas nacionales con operaciones en el pa\u00eds.<\/p>\n<p>La inscripci\u00f3n previa puede realizarse a trav\u00e9s de la plataforma Promu\u00e9vete, una herramienta que permite a los participantes crear su perfil, revisar las vacantes disponibles y prepararse con antelaci\u00f3n para el proceso de entrevistas. \u00a0No obstante, quienes no se registren con anticipaci\u00f3n pueden presentarse directamente el d\u00eda del evento.<\/p>\n<div class=\"fs-iai fs-iai-sticky\">\n<div>\n<p>\u201cCon esta jornada, CCIT reafirma su misi\u00f3n de ser una plataforma activa que contribuye al crecimiento econ\u00f3mico del pa\u00eds, apostando por la generaci\u00f3n de empleo como motor de desarrollo y bienestar para las familias hondure\u00f1as\u00bb.<\/p>\n<h2><strong>VACANTES DISPONIBLES<\/strong><\/h2>\n<p>\u2013 Gerente Administrativo<\/p>\n<p>\u2013 Gerente Comercial<\/p>\n<p>\u2013 Bachiller T\u00e9cnico en Refrigeraci\u00f3n<\/p>\n<p>\u2013 T\u00e9cnicos en Mantenimiento<\/p>\n<p>\u2013 Motoristas con licencia pesada<\/p>\n<div class=\"fs-iai fs-iai-sticky\">\n<div>\n<p>\u2013 Asesores de Cobro Domiciliario<\/p>\n<p>\u2013 Call Center \/ Telemarketing<\/p>\n<p>\u2013 Ayudantes de planta con disponibilidad de viajar a Amarateca<\/p>\n<div>\n<p>\u2013 Pintores y mec\u00e1nicos automotrices<\/p>\n<p>\u2013 Auxiliares de bodega y contabilidad<\/p>\n<p>\u2013 Cocineros, Bartenders, Motociclistas<\/p>\n<p>\u2013 Ventas for\u00e1neas<\/p>\n<p>\u2013 Analistas de cr\u00e9dito<\/p>\n<p>\u2013 Asesores t\u00e9cnicos comerciales<\/p>\n<p>La Tribuna<\/p>\n<\/div>\n<\/div>\n<\/div>\n<\/div>\n<\/div>\n<\/div>\n<\/div>\n","protected":false},"excerpt":{"rendered":"<p>29.04.2025 Cien plazas vacantes estar\u00e1n disponibles este mi\u00e9rcoles 30 de abril en el contexto del Espacio de Oportunidades Laborales de la C\u00e1mara de Comercio e Industria de Tegucigalpa (CCIT) La oficial de proyectos de la CCIT, Neyde Godoy invit\u00f3 a la ciudadan\u00eda a participar en la jornada de entrevistas presenciales que busca facilitar el acceso &hellip;<\/p>\n","protected":false},"author":0,"featured_media":89672,"comment_status":"open","ping_status":"open","sticky":false,"template":"","format":"standard","meta":{"_jetpack_memberships_contains_paid_content":false,"footnotes":""},"categories":[5],"tags":[],"class_list":["post-89671","post","type-post","status-publish","format-standard","has-post-thumbnail","","category-noticias"],"jetpack_sharing_enabled":true,"jetpack_featured_media_url":"http:\/\/mickyandoniehn.com\/radio\/wp-content\/uploads\/2025\/04\/NEYDE-GODOY-MX6SPv.jpg","_links":{"self":[{"href":"http:\/\/mickyandoniehn.com\/radio\/wp-json\/wp\/v2\/posts\/89671","targetHints":{"allow":["GET"]}}],"collection":[{"href":"http:\/\/mickyandoniehn.com\/radio\/wp-json\/wp\/v2\/posts"}],"about":[{"href":"http:\/\/mickyandoniehn.com\/radio\/wp-json\/wp\/v2\/types\/post"}],"replies":[{"embeddable":true,"href":"http:\/\/mickyandoniehn.com\/radio\/wp-json\/wp\/v2\/comments?post=89671"}],"version-history":[{"count":0,"href":"http:\/\/mickyandoniehn.com\/radio\/wp-json\/wp\/v2\/posts\/89671\/revisions"}],"wp:featuredmedia":[{"embeddable":true,"href":"http:\/\/mickyandoniehn.com\/radio\/wp-json\/wp\/v2\/media\/89672"}],"wp:attachment":[{"href":"http:\/\/mickyandoniehn.com\/radio\/wp-json\/wp\/v2\/media?parent=89671"}],"wp:term":[{"taxonomy":"category","embeddable":true,"href":"http:\/\/mickyandoniehn.com\/radio\/wp-json\/wp\/v2\/categories?post=89671"},{"taxonomy":"post_tag","embeddable":true,"href":"http:\/\/mickyandoniehn.com\/radio\/wp-json\/wp\/v2\/tags?post=89671"}],"curies":[{"name":"wp","href":"https:\/\/api.w.org\/{rel}","templated":true}]}}