{"id":89663,"date":"2025-04-30T06:14:40","date_gmt":"2025-04-30T12:14:40","guid":{"rendered":"http:\/\/mickyandoniehn.com\/radio\/2025\/04\/30\/galardonan-al-diputado-tomas-ramirez-como-mejor-contador\/"},"modified":"2025-04-30T06:14:40","modified_gmt":"2025-04-30T12:14:40","slug":"galardonan-al-diputado-tomas-ramirez-como-mejor-contador","status":"publish","type":"post","link":"http:\/\/mickyandoniehn.com\/radio\/2025\/04\/30\/galardonan-al-diputado-tomas-ramirez-como-mejor-contador\/","title":{"rendered":"Galardonan al diputado Tom\u00e1s Ram\u00edrez como \u201cMejor Contador\u201d"},"content":{"rendered":"<p>30.04.2025<\/p>\n<\/p>\n<p>\u00a0<\/p>\n<p>El diputado Tom\u00e1s Ram\u00edrez recientemente fue galardonado por autoridades de La Ceiba como el \u201cMejor Contador\u201d, en el marco del mes de la Herencia Africana, como un reconocimiento a su trabajo profesional y el compromiso con esa ciudad y al bienestar social de las comunidades.<\/p>\n<p>Con casi tres d\u00e9cadas de trayectoria profesional, el diputado Tom\u00e1s Ram\u00edrez es una figura destacada en el \u00e1mbito contable, pol\u00edtico y social de Honduras.<\/p>\n<p>Es fundador en 1994 de la empresa Servicios M\u00faltiples y Contables Ram\u00edrez, que se consolida como una de las agencias m\u00e1s prestigiosas del departamento de Atl\u00e1ntida, con una cartera que supera las 60 empresas.<\/p>\n<div class=\"fs-iai fs-iai-sticky\">\n<div>\n<p>Paralelo a su exitosa carrera empresarial, Ram\u00edrez actualmente cursa su pr\u00e1ctica profesional en la carrera de licenciatura en Derecho en la Universidad Tecnol\u00f3gica de Honduras, demostrando su permanente compromiso con el aprendizaje y la formaci\u00f3n acad\u00e9mica.<\/p>\n<p>A lo largo de su vida, ha sido merecedor de m\u00e1s de 60 reconocimientos por su incansable labor social.<\/p>\n<p>Entre los m\u00e1s relevantes destacan su nombramiento como el \u201cMejor Contador\u201d de La Ceiba por el Colegio de Peritos Mercantiles de Honduras, distinciones otorgadas por ligas deportivas infantiles y mayores, el reconocimiento de la organizaci\u00f3n ODECO por su apoyo a las comunidades gar\u00edfunas, y el respaldo del pueblo de habla inglesa de Islas de la Bah\u00eda.<\/p>\n<div class=\"fs-iai fs-iai-sticky\">\n<div>\n<h2><strong>Liderazgo en el Congreso Nacional<\/strong><\/h2>\n<p><a href=\"https:\/\/i1.wp.com\/web.latribuna.hn\/wp-content\/uploads\/2025\/04\/galardonan-al-diputado-tomas-ramirez-como-mejor-contador-1.jpg?ssl=1\"><\/a>Tambi\u00e9n recibi\u00f3 un reconocimiento por parte de la alcald\u00eda de San Pedro Sula.<\/p>\n<p>En el \u00e1mbito pol\u00edtico, Tom\u00e1s Ram\u00edrez ha sido electo diputado en dos periodos consecutivos por el departamento de Atl\u00e1ntida.<\/p>\n<p>Represent\u00f3 al partido PINU-SD entre 2017 y 2021, y actualmente ocupa una curul como diputado del Partido Salvador de Honduras (PSH), donde funge como primer vicepresidente alterno del Congreso Nacional.<\/p>\n<p>Adem\u00e1s, forma parte de varias comisiones legislativas clave: vicepresidente de la comisi\u00f3n de Asuntos Legislativos y Constitucionales, miembro de la Comisi\u00f3n de Relaciones Internacionales y de la Comisi\u00f3n de Defensa y Soberan\u00eda, adem\u00e1s es presidente de la Comisi\u00f3n de Enlace con los grupos afrodescendientes e ind\u00edgenas.<\/p>\n<p>Desde esos espacios, ha promovido una serie de leyes y proyectos que benefician directamente a los pueblos originarios y afrodescendientes de Honduras.<\/p>\n<p>Entre sus logros m\u00e1s significativos est\u00e1n: el apoyo econ\u00f3mico anual a la Copa NUMADA, el proyecto de reforma del art\u00edculo 213 del C\u00f3digo Penal para penalizar la discriminaci\u00f3n, la declaraci\u00f3n del 1 de agosto como D\u00eda del Pueblo Negro de Habla Inglesa y la pavimentaci\u00f3n en comunidades como Corozal, Sambo Creek y otras zonas gar\u00edfunas.<\/p>\n<p>Impuls\u00f3 la electrificaci\u00f3n prioritaria en pueblos originarios, as\u00ed como la reforma al art\u00edculo 6 de la Constituci\u00f3n para reconocer oficialmente las lenguas originarias.<\/p>\n<div class=\"fs-iai fs-iai-sticky\">\n<div>La Tribuna<\/div>\n<\/div>\n<\/div>\n<\/div>\n<\/div>\n<\/div>\n","protected":false},"excerpt":{"rendered":"<p>30.04.2025 \u00a0 El diputado Tom\u00e1s Ram\u00edrez recientemente fue galardonado por autoridades de La Ceiba como el \u201cMejor Contador\u201d, en el marco del mes de la Herencia Africana, como un reconocimiento a su trabajo profesional y el compromiso con esa ciudad y al bienestar social de las comunidades. Con casi tres d\u00e9cadas de trayectoria profesional, el &hellip;<\/p>\n","protected":false},"author":0,"featured_media":89664,"comment_status":"open","ping_status":"open","sticky":false,"template":"","format":"standard","meta":{"_jetpack_memberships_contains_paid_content":false,"footnotes":""},"categories":[5],"tags":[],"class_list":["post-89663","post","type-post","status-publish","format-standard","has-post-thumbnail","","category-noticias"],"jetpack_sharing_enabled":true,"jetpack_featured_media_url":"http:\/\/mickyandoniehn.com\/radio\/wp-content\/uploads\/2025\/04\/galardonan-al-diputado-tomas-ramirez-como-mejor-contador-2-eZcW7W.jpg","_links":{"self":[{"href":"http:\/\/mickyandoniehn.com\/radio\/wp-json\/wp\/v2\/posts\/89663","targetHints":{"allow":["GET"]}}],"collection":[{"href":"http:\/\/mickyandoniehn.com\/radio\/wp-json\/wp\/v2\/posts"}],"about":[{"href":"http:\/\/mickyandoniehn.com\/radio\/wp-json\/wp\/v2\/types\/post"}],"replies":[{"embeddable":true,"href":"http:\/\/mickyandoniehn.com\/radio\/wp-json\/wp\/v2\/comments?post=89663"}],"version-history":[{"count":0,"href":"http:\/\/mickyandoniehn.com\/radio\/wp-json\/wp\/v2\/posts\/89663\/revisions"}],"wp:featuredmedia":[{"embeddable":true,"href":"http:\/\/mickyandoniehn.com\/radio\/wp-json\/wp\/v2\/media\/89664"}],"wp:attachment":[{"href":"http:\/\/mickyandoniehn.com\/radio\/wp-json\/wp\/v2\/media?parent=89663"}],"wp:term":[{"taxonomy":"category","embeddable":true,"href":"http:\/\/mickyandoniehn.com\/radio\/wp-json\/wp\/v2\/categories?post=89663"},{"taxonomy":"post_tag","embeddable":true,"href":"http:\/\/mickyandoniehn.com\/radio\/wp-json\/wp\/v2\/tags?post=89663"}],"curies":[{"name":"wp","href":"https:\/\/api.w.org\/{rel}","templated":true}]}}