{"id":89310,"date":"2025-04-15T12:14:10","date_gmt":"2025-04-15T18:14:10","guid":{"rendered":"http:\/\/mickyandoniehn.com\/radio\/2025\/04\/15\/padre-moreno-cuestiona-al-estado-sobre-estado-actual-de-investigacion-en-el-caso-de-juan-lopez\/"},"modified":"2025-04-15T12:14:10","modified_gmt":"2025-04-15T18:14:10","slug":"padre-moreno-cuestiona-al-estado-sobre-estado-actual-de-investigacion-en-el-caso-de-juan-lopez","status":"publish","type":"post","link":"http:\/\/mickyandoniehn.com\/radio\/2025\/04\/15\/padre-moreno-cuestiona-al-estado-sobre-estado-actual-de-investigacion-en-el-caso-de-juan-lopez\/","title":{"rendered":"Padre Moreno cuestiona al Estado sobre estado actual de investigaci\u00f3n en el caso de Juan L\u00f3pez"},"content":{"rendered":"<\/p>\n<p><strong>Tegucigalpa-<\/strong>\u00a0El padre Ismael Moreno este lunes a siete meses de la muerte del ambientalista Juan L\u00f3pez y cuestion\u00f3 si \u00bfalguien del estado puede informar del estado actual de la investigaci\u00f3n sobre los hechores materiales e intelectuales?.<\/p>\n<p>Moreno record\u00f3 que el ambientalista, defensor de derechos humanos, delegado de la palabra de Dios y regidor de Tocoa, fue asesinado hace siete meses.<\/p>\n<p>En ese sentido, pidi\u00f3 a las autoridades dar a conocer c\u00f3mo va la investigaci\u00f3n sobre los hechores materiales e intelectuales del crimen.<\/p>\n<p>El 14 de septiembre Juan L\u00f3pez fue asesinado cuando sal\u00eda de la iglesia en Tocoa, Col\u00f3n.<\/p>\n<p>Desde su muerte el padre Morena ha sido insistente para que las autoridades no dejen en la impunidad la muerte del defensor ambiental y de los derechos humanos.<\/p>\n<p>Fuente: Proceso Digital<\/p>\n","protected":false},"excerpt":{"rendered":"<p>Tegucigalpa-\u00a0El padre Ismael Moreno este lunes a siete meses de la muerte del ambientalista Juan L\u00f3pez y cuestion\u00f3 si \u00bfalguien del estado puede informar del estado actual de la investigaci\u00f3n sobre los hechores materiales e intelectuales?. Moreno record\u00f3 que el ambientalista, defensor de derechos humanos, delegado de la palabra de Dios y regidor de Tocoa, &hellip;<\/p>\n","protected":false},"author":0,"featured_media":89311,"comment_status":"open","ping_status":"open","sticky":false,"template":"","format":"standard","meta":{"_jetpack_memberships_contains_paid_content":false,"footnotes":""},"categories":[5],"tags":[],"class_list":["post-89310","post","type-post","status-publish","format-standard","has-post-thumbnail","","category-noticias"],"jetpack_sharing_enabled":true,"jetpack_featured_media_url":"http:\/\/mickyandoniehn.com\/radio\/wp-content\/uploads\/2025\/04\/Captura-de-pantalla-2025-04-15-113735-vcE6pc.png","_links":{"self":[{"href":"http:\/\/mickyandoniehn.com\/radio\/wp-json\/wp\/v2\/posts\/89310","targetHints":{"allow":["GET"]}}],"collection":[{"href":"http:\/\/mickyandoniehn.com\/radio\/wp-json\/wp\/v2\/posts"}],"about":[{"href":"http:\/\/mickyandoniehn.com\/radio\/wp-json\/wp\/v2\/types\/post"}],"replies":[{"embeddable":true,"href":"http:\/\/mickyandoniehn.com\/radio\/wp-json\/wp\/v2\/comments?post=89310"}],"version-history":[{"count":0,"href":"http:\/\/mickyandoniehn.com\/radio\/wp-json\/wp\/v2\/posts\/89310\/revisions"}],"wp:featuredmedia":[{"embeddable":true,"href":"http:\/\/mickyandoniehn.com\/radio\/wp-json\/wp\/v2\/media\/89311"}],"wp:attachment":[{"href":"http:\/\/mickyandoniehn.com\/radio\/wp-json\/wp\/v2\/media?parent=89310"}],"wp:term":[{"taxonomy":"category","embeddable":true,"href":"http:\/\/mickyandoniehn.com\/radio\/wp-json\/wp\/v2\/categories?post=89310"},{"taxonomy":"post_tag","embeddable":true,"href":"http:\/\/mickyandoniehn.com\/radio\/wp-json\/wp\/v2\/tags?post=89310"}],"curies":[{"name":"wp","href":"https:\/\/api.w.org\/{rel}","templated":true}]}}