{"id":89295,"date":"2025-04-14T09:12:32","date_gmt":"2025-04-14T15:12:32","guid":{"rendered":"http:\/\/mickyandoniehn.com\/radio\/2025\/04\/14\/buscan-declarar-el-17-de-marzo-como-el-dia-del-cantautor-marco-aurelio-martinez\/"},"modified":"2025-04-14T09:12:32","modified_gmt":"2025-04-14T15:12:32","slug":"buscan-declarar-el-17-de-marzo-como-el-dia-del-cantautor-marco-aurelio-martinez","status":"publish","type":"post","link":"http:\/\/mickyandoniehn.com\/radio\/2025\/04\/14\/buscan-declarar-el-17-de-marzo-como-el-dia-del-cantautor-marco-aurelio-martinez\/","title":{"rendered":"Buscan declarar el 17 de marzo como el D\u00eda del Cantautor Marco Aurelio Mart\u00ednez"},"content":{"rendered":"<\/p>\n<p>En un emotivo acto de reconocimiento, el Congreso Nacional de Honduras, a trav\u00e9s de la Comisi\u00f3n de Enlace con los Pueblos Ind\u00edgenas y Afrohondure\u00f1os, present\u00f3 un dictamen para declarar el\u00a0<strong>17 de marzo como el D\u00eda del Cantautor Marco Aurelio Mart\u00ednez<\/strong>, un homenaje al legado de este talentoso m\u00fasico que sigue viviendo en los corazones de los hondure\u00f1os.<\/p>\n<p>Marco Aurelio Mart\u00ednez, quien tristemente perdi\u00f3 la vida en un accidente a\u00e9reo, fue un referente de\u00a0la m\u00fasica gar\u00edfuna, reconocido internacionalmente por su esfuerzo por mantener viva la cultura afrodescendiente a trav\u00e9s de su arte. Su m\u00fasica no solo fue un veh\u00edculo para la preservaci\u00f3n de la tradici\u00f3n gar\u00edfuna, sino tambi\u00e9n una poderosa expresi\u00f3n de amor y orgullo por la identidad hondure\u00f1a.<\/p>\n<\/p>\n<p>Este homenaje cobra especial relevancia en el contexto del\u00a0<strong>Mes de la Herencia Africana<\/strong>, cuando se conmemoran los 228 a\u00f1os de presencia africana en Honduras, y es una excelente oportunidad para celebrar y reflexionar sobre la influencia de las comunidades afrodescendientes en la cultura nacional. Durante este mes, el pa\u00eds se viste de celebraci\u00f3n y recuerdo de aquellos que, como Marco Aurelio Mart\u00ednez, dejaron una huella imborrable.<\/p>\n<p>La propuesta de declarar el\u00a0<strong>17 de marzo<\/strong> como el D\u00eda en honor a Marco Aurelio busca asegurarse de que su nombre y su legado nunca se olviden. Es un acto de justicia cultural, pues la m\u00fasica de Mart\u00ednez\u00a0contin\u00faa inspirando a generaciones, especialmente a los j\u00f3venes, para que sigan manteniendo vivas las tradiciones y el amor por Honduras.<\/p>\n<p>El homenaje al cantautor se sum\u00f3 a los eventos realizados el\u00a0<strong>12 de abril<\/strong>, durante los cuales se celebraron los 228 a\u00f1os de la llegada de los africanos a tierras hondure\u00f1as. En este contexto, la figura de Marco Aurelio Mart\u00ednez se erige como s\u00edmbolo de resistencia cultural y expresi\u00f3n art\u00edstica.<\/p>\n<p>Con esta propuesta, el Congreso Nacional no solo honra la memoria de un artista inolvidable, sino tambi\u00e9n el legado de una cultura que sigue influyendo de manera significativa en la identidad hondure\u00f1a. Sin duda, el\u00a0<strong>17 de marzo<\/strong>\u00a0ser\u00e1 una fecha importante para recordar y celebrar la vida y obra de Marco Aurelio Mart\u00ednez, quien, a trav\u00e9s de su m\u00fasica, sigue uniendo a los hondure\u00f1os en un canto de amor y esperanza por su pa\u00eds.<\/p>\n<div class=\"wp-block-image\">\n\u00a0que viva en nuestra memoria colectiva.\n<\/div>\n","protected":false},"excerpt":{"rendered":"<p>En un emotivo acto de reconocimiento, el Congreso Nacional de Honduras, a trav\u00e9s de la Comisi\u00f3n de Enlace con los Pueblos Ind\u00edgenas y Afrohondure\u00f1os, present\u00f3 un dictamen para declarar el\u00a017 de marzo como el D\u00eda del Cantautor Marco Aurelio Mart\u00ednez, un homenaje al legado de este talentoso m\u00fasico que sigue viviendo en los corazones de &hellip;<\/p>\n","protected":false},"author":0,"featured_media":89296,"comment_status":"open","ping_status":"open","sticky":false,"template":"","format":"standard","meta":{"_jetpack_memberships_contains_paid_content":false,"footnotes":""},"categories":[5],"tags":[],"class_list":["post-89295","post","type-post","status-publish","format-standard","has-post-thumbnail","","category-noticias"],"jetpack_sharing_enabled":true,"jetpack_featured_media_url":"http:\/\/mickyandoniehn.com\/radio\/wp-content\/uploads\/2025\/04\/1-1-mz4r4u.jpeg","_links":{"self":[{"href":"http:\/\/mickyandoniehn.com\/radio\/wp-json\/wp\/v2\/posts\/89295","targetHints":{"allow":["GET"]}}],"collection":[{"href":"http:\/\/mickyandoniehn.com\/radio\/wp-json\/wp\/v2\/posts"}],"about":[{"href":"http:\/\/mickyandoniehn.com\/radio\/wp-json\/wp\/v2\/types\/post"}],"replies":[{"embeddable":true,"href":"http:\/\/mickyandoniehn.com\/radio\/wp-json\/wp\/v2\/comments?post=89295"}],"version-history":[{"count":0,"href":"http:\/\/mickyandoniehn.com\/radio\/wp-json\/wp\/v2\/posts\/89295\/revisions"}],"wp:featuredmedia":[{"embeddable":true,"href":"http:\/\/mickyandoniehn.com\/radio\/wp-json\/wp\/v2\/media\/89296"}],"wp:attachment":[{"href":"http:\/\/mickyandoniehn.com\/radio\/wp-json\/wp\/v2\/media?parent=89295"}],"wp:term":[{"taxonomy":"category","embeddable":true,"href":"http:\/\/mickyandoniehn.com\/radio\/wp-json\/wp\/v2\/categories?post=89295"},{"taxonomy":"post_tag","embeddable":true,"href":"http:\/\/mickyandoniehn.com\/radio\/wp-json\/wp\/v2\/tags?post=89295"}],"curies":[{"name":"wp","href":"https:\/\/api.w.org\/{rel}","templated":true}]}}