{"id":88823,"date":"2025-03-29T11:15:40","date_gmt":"2025-03-29T17:15:40","guid":{"rendered":"http:\/\/mickyandoniehn.com\/radio\/2025\/03\/29\/intibuca-celebra-el-29o-festival-nacional-de-la-papa-un-evento-lleno-de-cultura-sabor-y-naturaleza\/"},"modified":"2025-03-29T11:15:40","modified_gmt":"2025-03-29T17:15:40","slug":"intibuca-celebra-el-29o-festival-nacional-de-la-papa-un-evento-lleno-de-cultura-sabor-y-naturaleza","status":"publish","type":"post","link":"http:\/\/mickyandoniehn.com\/radio\/2025\/03\/29\/intibuca-celebra-el-29o-festival-nacional-de-la-papa-un-evento-lleno-de-cultura-sabor-y-naturaleza\/","title":{"rendered":"Intibuc\u00e1 celebra el 29\u00ba Festival Nacional de la Papa: Un evento lleno de cultura, sabor y naturaleza"},"content":{"rendered":"<\/p>\n<p>Del 11 al 13 de abril, Intibuc\u00e1 se convierte en el epicentro del agro turismo en Honduras con la celebraci\u00f3n de la\u00a0<strong>29\u00aa edici\u00f3n del Festival Nacional de la Papa<\/strong>. Este evento, organizado por la municipalidad de Intibuc\u00e1 en colaboraci\u00f3n con diversas instituciones como el Instituto Hondure\u00f1o de Turismo (IHT), la C\u00e1mara Nacional de Turismo de Honduras (CANATURH) filial Intibuc\u00e1, y muchos m\u00e1s, destaca la riqueza cultural y natural de la regi\u00f3n.<\/p>\n<p>Conocida por su frescura, paisajes impresionantes y por ser hogar de la comunidad Lenca, Intibuc\u00e1 ofrece una experiencia \u00fanica a los visitantes durante tres d\u00edas llenos de actividades culturales, educativas y gastron\u00f3micas. El festival es un homenaje al campo y a los productores locales, que juegan un papel crucial en la econom\u00eda de la regi\u00f3n.<\/p>\n<p>Entre las actividades destacadas, los asistentes podr\u00e1n disfrutar del\u00a0<strong>baile del guancasco<\/strong>, una manifestaci\u00f3n tradicional que honra las costumbres Lenca, as\u00ed como\u00a0<strong>mercadillos con productos frescos<\/strong>\u00a0donde podr\u00e1n probar la mejor gastronom\u00eda local, desde platos t\u00edpicos hasta deliciosas degustaciones de papa en diversas presentaciones. Adem\u00e1s, los\u00a0<strong>espect\u00e1culos art\u00edsticos<\/strong>\u00a0complementar\u00e1n el ambiente festivo, ofreciendo una variedad de expresiones culturales para todos los gustos.<\/p>\n<p>Este evento no solo celebra la papa y la cultura, sino que tambi\u00e9n invita a explorar las maravillas tur\u00edsticas de Intibuc\u00e1. Con opciones de alojamiento que van desde acogedores\u00a0<strong>hoteles de monta\u00f1a<\/strong>\u00a0hasta opciones m\u00e1s sofisticadas, el festival es una excelente oportunidad para disfrutar de la regi\u00f3n, especialmente en el marco de la Semana Santa.<\/p>\n<p>El Festival Nacional de la Papa comenz\u00f3 en 1981 como una forma de rendir homenaje a los productores agr\u00edcolas de la zona, y ha crecido para convertirse en uno de los eventos m\u00e1s esperados del pa\u00eds. Este a\u00f1o, la celebraci\u00f3n promete ser una experiencia inolvidable, fusionando la tradici\u00f3n, la naturaleza y, por supuesto, el sabor de la papa. \u00a1No te lo pierdas!<\/p>\n","protected":false},"excerpt":{"rendered":"<p>Del 11 al 13 de abril, Intibuc\u00e1 se convierte en el epicentro del agro turismo en Honduras con la celebraci\u00f3n de la\u00a029\u00aa edici\u00f3n del Festival Nacional de la Papa. Este evento, organizado por la municipalidad de Intibuc\u00e1 en colaboraci\u00f3n con diversas instituciones como el Instituto Hondure\u00f1o de Turismo (IHT), la C\u00e1mara Nacional de Turismo de &hellip;<\/p>\n","protected":false},"author":0,"featured_media":88824,"comment_status":"open","ping_status":"open","sticky":false,"template":"","format":"standard","meta":{"_jetpack_memberships_contains_paid_content":false,"footnotes":""},"categories":[5],"tags":[],"class_list":["post-88823","post","type-post","status-publish","format-standard","has-post-thumbnail","","category-noticias"],"jetpack_sharing_enabled":true,"jetpack_featured_media_url":"http:\/\/mickyandoniehn.com\/radio\/wp-content\/uploads\/2025\/03\/image-914-750x430-8d1vxo.png","_links":{"self":[{"href":"http:\/\/mickyandoniehn.com\/radio\/wp-json\/wp\/v2\/posts\/88823","targetHints":{"allow":["GET"]}}],"collection":[{"href":"http:\/\/mickyandoniehn.com\/radio\/wp-json\/wp\/v2\/posts"}],"about":[{"href":"http:\/\/mickyandoniehn.com\/radio\/wp-json\/wp\/v2\/types\/post"}],"replies":[{"embeddable":true,"href":"http:\/\/mickyandoniehn.com\/radio\/wp-json\/wp\/v2\/comments?post=88823"}],"version-history":[{"count":0,"href":"http:\/\/mickyandoniehn.com\/radio\/wp-json\/wp\/v2\/posts\/88823\/revisions"}],"wp:featuredmedia":[{"embeddable":true,"href":"http:\/\/mickyandoniehn.com\/radio\/wp-json\/wp\/v2\/media\/88824"}],"wp:attachment":[{"href":"http:\/\/mickyandoniehn.com\/radio\/wp-json\/wp\/v2\/media?parent=88823"}],"wp:term":[{"taxonomy":"category","embeddable":true,"href":"http:\/\/mickyandoniehn.com\/radio\/wp-json\/wp\/v2\/categories?post=88823"},{"taxonomy":"post_tag","embeddable":true,"href":"http:\/\/mickyandoniehn.com\/radio\/wp-json\/wp\/v2\/tags?post=88823"}],"curies":[{"name":"wp","href":"https:\/\/api.w.org\/{rel}","templated":true}]}}