{"id":88489,"date":"2025-03-19T16:12:33","date_gmt":"2025-03-19T22:12:33","guid":{"rendered":"http:\/\/mickyandoniehn.com\/radio\/2025\/03\/19\/productores-agricolas-en-honduras-enfrentan-crisis-por-falta-de-apoyo-gubernamental\/"},"modified":"2025-03-19T16:12:33","modified_gmt":"2025-03-19T22:12:33","slug":"productores-agricolas-en-honduras-enfrentan-crisis-por-falta-de-apoyo-gubernamental","status":"publish","type":"post","link":"http:\/\/mickyandoniehn.com\/radio\/2025\/03\/19\/productores-agricolas-en-honduras-enfrentan-crisis-por-falta-de-apoyo-gubernamental\/","title":{"rendered":"Productores agr\u00edcolas en Honduras enfrentan crisis por falta de apoyo gubernamental"},"content":{"rendered":"<p>19.03.2025<\/p>\n<\/p>\n<p>Productores agr\u00edcolas en Honduras expresaron su creciente preocupaci\u00f3n debido a la falta de apoyo del gobierno para el desarrollo del sector, lo que ha llevado a una crisis que afecta a rubros clave como el arroz y la cebolla. Los productores se\u00f1alan que a pesar de las promesas de fortalecer la actividad agr\u00edcola, el apoyo gubernamental sigue siendo insuficiente.<\/p>\n<p>Sergio Villar, productor agr\u00edcola, destac\u00f3 que el gobierno ha mostrado un claro desinter\u00e9s por el campo. Seg\u00fan Villar, el rubro del arroz ha visto un aumento dr\u00e1stico en la importaci\u00f3n, que ha pasado del 25% al 80% del consumo interno. \u00abNo es cierto que los fondos de BANPROVI est\u00e9n disponibles. Honduras no est\u00e1 produciendo lo suficiente para satisfacer la demanda\u00bb, expres\u00f3 Villar, a\u00f1adiendo que esta problem\u00e1tica no es nueva y que las administraciones pasadas tambi\u00e9n fracasaron en atender las necesidades del campo. Adem\u00e1s, destac\u00f3 que los altos costos de producci\u00f3n y la falta de asistencia crediticia son factores que agravan a\u00fan m\u00e1s la situaci\u00f3n.<\/p>\n<p>Marcos L\u00f3pez, vicepresidente de la Asociaci\u00f3n de Productores de Cebolla de Ocotepeque, denunci\u00f3 que la libre importaci\u00f3n de cebolla, autorizada el a\u00f1o pasado por la Secretar\u00eda de Desarrollo Econ\u00f3mico, ha generado enormes p\u00e9rdidas en el sector. \u00abEstamos sumamente preocupados por la p\u00e9rdida que ha sufrido este rubro. Nos quieren sacar del mercado, apenas hemos podido sostenernos. La producci\u00f3n est\u00e1 en el campo, pero el precio de la cebolla se ha reducido a la mitad del costo de producci\u00f3n\u00bb, explic\u00f3 L\u00f3pez.<\/p>\n<p>L\u00f3pez tambi\u00e9n advirti\u00f3 que los productores est\u00e1n dispuestos a salir a las calles para protestar si no se toman medidas urgentes para proteger la producci\u00f3n nacional. \u00abLas p\u00e9rdidas ascienden a unos 80 millones de lempiras, esto es insostenible\u00bb, enfatiz\u00f3.<\/p>\n<p>El sector agr\u00edcola hondure\u00f1o contin\u00faa enfrentando serios desaf\u00edos, y los productores demandan una respuesta inmediata del gobierno para evitar un mayor deterioro de la producci\u00f3n local. Sin un apoyo efectivo, la sostenibilidad del sector agr\u00edcola en el pa\u00eds sigue siendo una preocupaci\u00f3n cr\u00edtica.<\/p>\n<p>Diario Roatan<\/p>\n","protected":false},"excerpt":{"rendered":"<p>19.03.2025 Productores agr\u00edcolas en Honduras expresaron su creciente preocupaci\u00f3n debido a la falta de apoyo del gobierno para el desarrollo del sector, lo que ha llevado a una crisis que afecta a rubros clave como el arroz y la cebolla. Los productores se\u00f1alan que a pesar de las promesas de fortalecer la actividad agr\u00edcola, el &hellip;<\/p>\n","protected":false},"author":0,"featured_media":88490,"comment_status":"open","ping_status":"open","sticky":false,"template":"","format":"standard","meta":{"_jetpack_memberships_contains_paid_content":false,"footnotes":""},"categories":[5],"tags":[],"class_list":["post-88489","post","type-post","status-publish","format-standard","has-post-thumbnail","","category-noticias"],"jetpack_sharing_enabled":true,"jetpack_featured_media_url":"http:\/\/mickyandoniehn.com\/radio\/wp-content\/uploads\/2025\/03\/image-505-750x430-1-SXFyLp.png","_links":{"self":[{"href":"http:\/\/mickyandoniehn.com\/radio\/wp-json\/wp\/v2\/posts\/88489","targetHints":{"allow":["GET"]}}],"collection":[{"href":"http:\/\/mickyandoniehn.com\/radio\/wp-json\/wp\/v2\/posts"}],"about":[{"href":"http:\/\/mickyandoniehn.com\/radio\/wp-json\/wp\/v2\/types\/post"}],"replies":[{"embeddable":true,"href":"http:\/\/mickyandoniehn.com\/radio\/wp-json\/wp\/v2\/comments?post=88489"}],"version-history":[{"count":0,"href":"http:\/\/mickyandoniehn.com\/radio\/wp-json\/wp\/v2\/posts\/88489\/revisions"}],"wp:featuredmedia":[{"embeddable":true,"href":"http:\/\/mickyandoniehn.com\/radio\/wp-json\/wp\/v2\/media\/88490"}],"wp:attachment":[{"href":"http:\/\/mickyandoniehn.com\/radio\/wp-json\/wp\/v2\/media?parent=88489"}],"wp:term":[{"taxonomy":"category","embeddable":true,"href":"http:\/\/mickyandoniehn.com\/radio\/wp-json\/wp\/v2\/categories?post=88489"},{"taxonomy":"post_tag","embeddable":true,"href":"http:\/\/mickyandoniehn.com\/radio\/wp-json\/wp\/v2\/tags?post=88489"}],"curies":[{"name":"wp","href":"https:\/\/api.w.org\/{rel}","templated":true}]}}