{"id":88476,"date":"2025-03-19T09:12:33","date_gmt":"2025-03-19T15:12:33","guid":{"rendered":"http:\/\/mickyandoniehn.com\/radio\/2025\/03\/19\/honduras-conmemora-el-dia-del-padre-un-homenaje-a-la-paternidad-responsable\/"},"modified":"2025-03-19T09:12:33","modified_gmt":"2025-03-19T15:12:33","slug":"honduras-conmemora-el-dia-del-padre-un-homenaje-a-la-paternidad-responsable","status":"publish","type":"post","link":"http:\/\/mickyandoniehn.com\/radio\/2025\/03\/19\/honduras-conmemora-el-dia-del-padre-un-homenaje-a-la-paternidad-responsable\/","title":{"rendered":"Honduras conmemora el D\u00eda del Padre: un homenaje a la paternidad responsable"},"content":{"rendered":"<p>19.03.2025<\/p>\n<\/p>\n<p>Este 19 de marzo, Honduras celebra el D\u00eda del Padre, una fecha dedicada a reconocer el importante rol que desempe\u00f1an los padres en la vida de sus hijos y en la sociedad.<\/p>\n<p>Si bien el pa\u00eds enfrenta desaf\u00edos como la paternidad irresponsable y un alto n\u00famero de hogares liderados por madres solteras, tambi\u00e9n existen muchos padres que asumen con amor y compromiso su papel. Con el tiempo, se ha visto un cambio positivo en la paternidad hondure\u00f1a, con hombres que se involucran m\u00e1s en la crianza de sus hijos y en las labores del hogar, promoviendo familias m\u00e1s equitativas y afectuosas.<\/p>\n<p>Esta celebraci\u00f3n tiene un significado especial dentro de la tradici\u00f3n cristiana, ya que coincide con el d\u00eda de San Jos\u00e9, considerado ejemplo de protecci\u00f3n, trabajo y responsabilidad familiar. En este marco, la Iglesia cat\u00f3lica realiza misas en su honor, resaltando su papel en la historia cristiana.<\/p>\n<p>Aunque el D\u00eda del Padre no es feriado en Honduras, sigue siendo una fecha importante en la que instituciones p\u00fablicas y privadas organizan actividades de reconocimiento. Muchas familias tambi\u00e9n aprovechan la ocasi\u00f3n para expresar su cari\u00f1o con reuniones, obsequios y mensajes de gratitud hacia los padres que d\u00eda a d\u00eda entregan lo mejor de s\u00ed por sus hijos.<\/p>\n<p>Diario Roat\u00e1n<\/p>\n","protected":false},"excerpt":{"rendered":"<p>19.03.2025 Este 19 de marzo, Honduras celebra el D\u00eda del Padre, una fecha dedicada a reconocer el importante rol que desempe\u00f1an los padres en la vida de sus hijos y en la sociedad. Si bien el pa\u00eds enfrenta desaf\u00edos como la paternidad irresponsable y un alto n\u00famero de hogares liderados por madres solteras, tambi\u00e9n existen &hellip;<\/p>\n","protected":false},"author":0,"featured_media":88477,"comment_status":"open","ping_status":"open","sticky":false,"template":"","format":"standard","meta":{"_jetpack_memberships_contains_paid_content":false,"footnotes":""},"categories":[5],"tags":[],"class_list":["post-88476","post","type-post","status-publish","format-standard","has-post-thumbnail","","category-noticias"],"jetpack_sharing_enabled":true,"jetpack_featured_media_url":"http:\/\/mickyandoniehn.com\/radio\/wp-content\/uploads\/2025\/03\/image-549-750x430-1-JOV9Dm.png","_links":{"self":[{"href":"http:\/\/mickyandoniehn.com\/radio\/wp-json\/wp\/v2\/posts\/88476","targetHints":{"allow":["GET"]}}],"collection":[{"href":"http:\/\/mickyandoniehn.com\/radio\/wp-json\/wp\/v2\/posts"}],"about":[{"href":"http:\/\/mickyandoniehn.com\/radio\/wp-json\/wp\/v2\/types\/post"}],"replies":[{"embeddable":true,"href":"http:\/\/mickyandoniehn.com\/radio\/wp-json\/wp\/v2\/comments?post=88476"}],"version-history":[{"count":0,"href":"http:\/\/mickyandoniehn.com\/radio\/wp-json\/wp\/v2\/posts\/88476\/revisions"}],"wp:featuredmedia":[{"embeddable":true,"href":"http:\/\/mickyandoniehn.com\/radio\/wp-json\/wp\/v2\/media\/88477"}],"wp:attachment":[{"href":"http:\/\/mickyandoniehn.com\/radio\/wp-json\/wp\/v2\/media?parent=88476"}],"wp:term":[{"taxonomy":"category","embeddable":true,"href":"http:\/\/mickyandoniehn.com\/radio\/wp-json\/wp\/v2\/categories?post=88476"},{"taxonomy":"post_tag","embeddable":true,"href":"http:\/\/mickyandoniehn.com\/radio\/wp-json\/wp\/v2\/tags?post=88476"}],"curies":[{"name":"wp","href":"https:\/\/api.w.org\/{rel}","templated":true}]}}