{"id":88462,"date":"2025-03-18T08:12:44","date_gmt":"2025-03-18T14:12:44","guid":{"rendered":"http:\/\/mickyandoniehn.com\/radio\/2025\/03\/18\/bukele-y-trump-actuan-fuera-de-la-ley-con-envio-a-el-salvador-de-migrantes-dicen-expertos\/"},"modified":"2025-03-18T08:12:44","modified_gmt":"2025-03-18T14:12:44","slug":"bukele-y-trump-actuan-fuera-de-la-ley-con-envio-a-el-salvador-de-migrantes-dicen-expertos","status":"publish","type":"post","link":"http:\/\/mickyandoniehn.com\/radio\/2025\/03\/18\/bukele-y-trump-actuan-fuera-de-la-ley-con-envio-a-el-salvador-de-migrantes-dicen-expertos\/","title":{"rendered":"Bukele y Trump act\u00faan fuera de la ley con env\u00edo a El Salvador de migrantes, dicen expertos"},"content":{"rendered":"<\/p>\n<p>18.03,2025<\/p>\n<p>Los presidentes de El Salvador, Nayib Bukele, y de Estados Unidos, Donald Trump, han actuado fuera de los marcos legales internacionales y de sus pa\u00edses con el encarcelamiento de migrantes, supuestos miembros de la banda criminal transnacional Tren de Aragua, en el pa\u00eds centroamericano, donde est\u00e1n en un \u00abhoyo negro jur\u00eddico\u00bb, seg\u00fan analistas consultado este lunes por EFE.<\/p>\n<p>El domingo lleg\u00f3 a El Salvador un primer grupo de m\u00e1s de 200 supuestos miembros de la banda con origen venezolano, quienes fueron encarcelados sin juicio en El Salvador en el Centro de Confinamiento del Terrorismo (CECOT), una megac\u00e1rcel para pandilleros.<\/p>\n<p>\u00abLo que est\u00e1 claro es que los mandatarios de los dos pa\u00edses est\u00e1n actuando fuera de los marcos nacionales e internacionales\u00bb y \u00abhemos llegado a un punto de inflexi\u00f3n para el sistema internacional de derechos humanos\u00bb, dijo en declaraciones a EFE Noah Bullock, director de la organizaci\u00f3n humanitaria Cristosal.<\/p>\n<p>\u00abTenemos a dos jefes de Estado que han acordado deportar y desaparecer a cientos de personas en los centros penales de El Salvador sin la m\u00e1s m\u00ednima garant\u00eda. No sabemos qui\u00e9nes son y no sabemos bajo qu\u00e9 jurisdicci\u00f3n judicial se van a garantizar sus derechos. Se ha mandado a esas personas a un hoyo negro judicial\u00bb, a\u00f1adi\u00f3 Bullock.<\/p>\n<p>El director de Cristosal destac\u00f3 que le corresponder\u00eda a los Congresos de ambos pa\u00edses \u00abratificar alg\u00fan tipo de acuerdo de esa naturaleza\u00bb, y subray\u00f3 que este encarcelamiento \u00ablo hacen desafiando una orden judicial de una corte en Estados Unidos\u00bb.<\/p>\n<p>\u00abTen\u00e9s a dos Ejecutivos que est\u00e1n acaparando de poderes que no les corresponden para anular derechos de una poblaci\u00f3n. Eso deber\u00eda de ser un tema de suma preocupaci\u00f3n para todo pa\u00eds de vocaci\u00f3n democr\u00e1tica\u00bb, sostuvo.<\/p>\n<h2 class=\"wp-block-heading\"><strong>El Salvador, \u00bfen riesgo?<\/strong><\/h2>\n<p>Por su parte, el abogado constitucionalista Enrique Anaya, dijo este lunes en una entrevista televisiva que El Salvador se est\u00e1 colocando en riesgo de \u00abpodernos generar responsabilidades internacionales\u00bb.<\/p>\n<p>\u00abDesconocemos cu\u00e1l es la base (legal) para poderlos enviar (a los migrantes) y en El Salvador definitivamente no hay base para esto\u00bb, sostuvo, y analiz\u00f3 que en t\u00e9rminos legales este traslado de Estados Unidos a El Salvador no hace parte de \u00abextradiciones ni deportaciones\u00bb.<\/p>\n<p>Ingrid Escobar, abogada y directora de la organizaci\u00f3n Socorro Jur\u00eddico Humanitario (SJH), dijo a EFE que es preocupante que ambos pa\u00edses hayan obviado la orden judicial, principalmente porque \u00aben El Salvador hay una enorme debilidad institucional\u00bb.<\/p>\n<p>\u00abEn el sistema carcelario hay torturas, tratos crueles inhumanos y degradantes, muertes extrajudiciales. No hay respeto\u00bb, indic\u00f3.<\/p>\n<p>Para Escobar, esta acci\u00f3n representa una \u00abviolaci\u00f3n\u00bb de la \u00absoberan\u00eda\u00bb salvadore\u00f1a, dado que no se ha dado el proceso de aprobaci\u00f3n por la Asamblea Legislativa.<\/p>\n","protected":false},"excerpt":{"rendered":"<p>18.03,2025 Los presidentes de El Salvador, Nayib Bukele, y de Estados Unidos, Donald Trump, han actuado fuera de los marcos legales internacionales y de sus pa\u00edses con el encarcelamiento de migrantes, supuestos miembros de la banda criminal transnacional Tren de Aragua, en el pa\u00eds centroamericano, donde est\u00e1n en un \u00abhoyo negro jur\u00eddico\u00bb, seg\u00fan analistas consultado &hellip;<\/p>\n","protected":false},"author":0,"featured_media":88463,"comment_status":"open","ping_status":"open","sticky":false,"template":"","format":"standard","meta":{"_jetpack_memberships_contains_paid_content":false,"footnotes":""},"categories":[5],"tags":[],"class_list":["post-88462","post","type-post","status-publish","format-standard","has-post-thumbnail","","category-noticias"],"jetpack_sharing_enabled":true,"jetpack_featured_media_url":"http:\/\/mickyandoniehn.com\/radio\/wp-content\/uploads\/2025\/03\/10-1-mZHsmL.png","_links":{"self":[{"href":"http:\/\/mickyandoniehn.com\/radio\/wp-json\/wp\/v2\/posts\/88462","targetHints":{"allow":["GET"]}}],"collection":[{"href":"http:\/\/mickyandoniehn.com\/radio\/wp-json\/wp\/v2\/posts"}],"about":[{"href":"http:\/\/mickyandoniehn.com\/radio\/wp-json\/wp\/v2\/types\/post"}],"replies":[{"embeddable":true,"href":"http:\/\/mickyandoniehn.com\/radio\/wp-json\/wp\/v2\/comments?post=88462"}],"version-history":[{"count":0,"href":"http:\/\/mickyandoniehn.com\/radio\/wp-json\/wp\/v2\/posts\/88462\/revisions"}],"wp:featuredmedia":[{"embeddable":true,"href":"http:\/\/mickyandoniehn.com\/radio\/wp-json\/wp\/v2\/media\/88463"}],"wp:attachment":[{"href":"http:\/\/mickyandoniehn.com\/radio\/wp-json\/wp\/v2\/media?parent=88462"}],"wp:term":[{"taxonomy":"category","embeddable":true,"href":"http:\/\/mickyandoniehn.com\/radio\/wp-json\/wp\/v2\/categories?post=88462"},{"taxonomy":"post_tag","embeddable":true,"href":"http:\/\/mickyandoniehn.com\/radio\/wp-json\/wp\/v2\/tags?post=88462"}],"curies":[{"name":"wp","href":"https:\/\/api.w.org\/{rel}","templated":true}]}}