{"id":88458,"date":"2025-03-18T08:12:40","date_gmt":"2025-03-18T14:12:40","guid":{"rendered":"http:\/\/mickyandoniehn.com\/radio\/2025\/03\/18\/rnp-comenzara-a-cobrar-por-reposicion-de-dni-desde-cuando\/"},"modified":"2025-03-18T08:12:40","modified_gmt":"2025-03-18T14:12:40","slug":"rnp-comenzara-a-cobrar-por-reposicion-de-dni-desde-cuando","status":"publish","type":"post","link":"http:\/\/mickyandoniehn.com\/radio\/2025\/03\/18\/rnp-comenzara-a-cobrar-por-reposicion-de-dni-desde-cuando\/","title":{"rendered":"RNP comenzar\u00e1 a cobrar por reposici\u00f3n de DNI \u00bfDesde cu\u00e1ndo?"},"content":{"rendered":"<\/p>\n<p>18.03.2025<\/p>\n<p class=\"mb-[34px]\">El Registro Nacional de las Personas (<strong>RNP<\/strong>) inform\u00f3 este lunes 17 de marzo que se retomar\u00e1 el cobro de 200 lempiras por la reposici\u00f3n del<strong>\u00a0Documento Nacional de Identificaci\u00f3n<\/strong>\u00a0(DNI).<\/p>\n<p class=\"mb-[34px]\">Seg\u00fan un documento emitido por el RNP, el cobro ser\u00e1 efectivo a partir de la fecha.<\/p>\n<p class=\"mb-[34px]\">Adem\u00e1s, en cumplimiento del decreto legislativo 104-2024, se ha decretado la exoneraci\u00f3n de multas por no registrar nacimientos, medida que estar\u00e1 vigente hasta el 15 de noviembre de 2025, con el objetivo de facilitar el acceso a la identidad legal.<\/p>\n<div class=\"container mx-auto px-4 flex justify-center my-2 bg-[#F5F5F5] overflow-hidden\">\n<div class=\"flex flex-col justify-center items-center \">\n<div class=\"my-1\"><\/div>\n<\/div>\n<\/div>\n<p class=\"mb-[34px]\">\n<p class=\"mb-[34px]\">\n<p class=\"mb-[34px]\">Por otro lado, el RNP anunci\u00f3 que la amnist\u00eda para la reposici\u00f3n del DNI se aplicar\u00e1 nuevamente tres meses antes de las elecciones generales de 2025. Sin embargo, aclar\u00f3 que quienes ya hayan solicitado una reposici\u00f3n no podr\u00e1n beneficiarse nuevamente de esta medida.<\/p>\n<p class=\"mb-[34px]\">Lo anterior significa que aquellas personas que ya solicitaron la reposici\u00f3n gratuita y quisieran volver a hacer no pueden.<\/p>\n<div class=\"container mx-auto px-4 flex justify-center my-2 bg-[#F5F5F5] overflow-hidden\">\n<div class=\"flex flex-col justify-center items-center \">\n<div class=\"my-1\"><\/div>\n<\/div>\n<\/div>\n<p class=\"mb-[34px]\">El RNP exhorta a la ciudadan\u00eda a mantenerse informada y a regularizar su documentaci\u00f3n dentro de los plazos establecidos.<\/p>\n<p class=\"mb-[34px]\">\n<p>TU NOTA<\/p>\n","protected":false},"excerpt":{"rendered":"<p>18.03.2025 El Registro Nacional de las Personas (RNP) inform\u00f3 este lunes 17 de marzo que se retomar\u00e1 el cobro de 200 lempiras por la reposici\u00f3n del\u00a0Documento Nacional de Identificaci\u00f3n\u00a0(DNI). Seg\u00fan un documento emitido por el RNP, el cobro ser\u00e1 efectivo a partir de la fecha. Adem\u00e1s, en cumplimiento del decreto legislativo 104-2024, se ha decretado &hellip;<\/p>\n","protected":false},"author":0,"featured_media":88459,"comment_status":"open","ping_status":"open","sticky":false,"template":"","format":"standard","meta":{"_jetpack_memberships_contains_paid_content":false,"footnotes":""},"categories":[5],"tags":[],"class_list":["post-88458","post","type-post","status-publish","format-standard","has-post-thumbnail","","category-noticias"],"jetpack_sharing_enabled":true,"jetpack_featured_media_url":"http:\/\/mickyandoniehn.com\/radio\/wp-content\/uploads\/2025\/03\/16-1-YcpTWC.png","_links":{"self":[{"href":"http:\/\/mickyandoniehn.com\/radio\/wp-json\/wp\/v2\/posts\/88458","targetHints":{"allow":["GET"]}}],"collection":[{"href":"http:\/\/mickyandoniehn.com\/radio\/wp-json\/wp\/v2\/posts"}],"about":[{"href":"http:\/\/mickyandoniehn.com\/radio\/wp-json\/wp\/v2\/types\/post"}],"replies":[{"embeddable":true,"href":"http:\/\/mickyandoniehn.com\/radio\/wp-json\/wp\/v2\/comments?post=88458"}],"version-history":[{"count":0,"href":"http:\/\/mickyandoniehn.com\/radio\/wp-json\/wp\/v2\/posts\/88458\/revisions"}],"wp:featuredmedia":[{"embeddable":true,"href":"http:\/\/mickyandoniehn.com\/radio\/wp-json\/wp\/v2\/media\/88459"}],"wp:attachment":[{"href":"http:\/\/mickyandoniehn.com\/radio\/wp-json\/wp\/v2\/media?parent=88458"}],"wp:term":[{"taxonomy":"category","embeddable":true,"href":"http:\/\/mickyandoniehn.com\/radio\/wp-json\/wp\/v2\/categories?post=88458"},{"taxonomy":"post_tag","embeddable":true,"href":"http:\/\/mickyandoniehn.com\/radio\/wp-json\/wp\/v2\/tags?post=88458"}],"curies":[{"name":"wp","href":"https:\/\/api.w.org\/{rel}","templated":true}]}}