{"id":88444,"date":"2025-03-18T07:12:36","date_gmt":"2025-03-18T13:12:36","guid":{"rendered":"http:\/\/mickyandoniehn.com\/radio\/2025\/03\/18\/alejandro-reyes-anota-golazo-ante-herediano-en-costa-rica\/"},"modified":"2025-03-18T07:12:36","modified_gmt":"2025-03-18T13:12:36","slug":"alejandro-reyes-anota-golazo-ante-herediano-en-costa-rica","status":"publish","type":"post","link":"http:\/\/mickyandoniehn.com\/radio\/2025\/03\/18\/alejandro-reyes-anota-golazo-ante-herediano-en-costa-rica\/","title":{"rendered":"Alejandro Reyes anota golazo ante Herediano en Costa Rica"},"content":{"rendered":"<\/p>\n<p>18.03.2025<\/p>\n<p>\u00a1Una joyita! El futbolista hondure\u00f1o Alejandro\u00a0<strong><a href=\"https:\/\/www.honduras.com\/deportes\/futbol\/alejandro-reyes-le-da-triunfo-al-sporting-san-jose-con-un-doblete\/\">Reyes<\/a><\/strong>\u00a0se mand\u00f3 un\u00a0<strong>golazo\u00a0<\/strong>en la jornada 13 de la Primera Divisi\u00f3n de\u00a0<strong>Costa Rica<\/strong>, al anotar con el Sporting FC, en la derrota por 1-2 ante Herediano.<\/p>\n<p>El legionario est\u00e1 llamando la atenci\u00f3n en el f\u00fatbol tico por su preponderante rendimiento en sus \u00faltimos partidos con los \u00ablibertos\u00bb.<\/p>\n<p>En ese sentido, contra el \u00abHurac\u00e1n Rojiamarillo\u00bb de su compatriota, Getsel Montes, el volante catracho marc\u00f3 su cuarto tanto en el balompi\u00e9 costarricense, del juego que se disput\u00f3 en casa de los suyos, precisamente en el Estadio Ernesto Rohrmoser.<\/p>\n<p>Al 38\u2032 de partido,\u00a0<strong>Reyes\u00a0<\/strong>convirti\u00f3 el 1-1 provisional, donde se perfil\u00f3 dentro del \u00e1rea, y con la zurda, coloc\u00f3 su disparo para clavarla al segundo palo. \u00a1Una obra de arte!<\/p>\n<p>Pese a la derrota como local, el mediocampista de 27 a\u00f1os est\u00e1 gozando de una campa\u00f1a fruct\u00edfera con los \u00abalbinegros\u00bb, debido a que, ha disputado el 89% de los minutos posibles en el Torneo Clausura 2025.<\/p>\n<p>De momento, el Sporting FC de Alejandro\u00a0<strong>Reyes<\/strong>\u00a0se encuentra en la octava plaza con 14 puntos y visitar\u00e1, el pr\u00f3ximo mi\u00e9rcoles 26 de marzo, al Puntarenas en la fecha 14.<\/p>\n<div class=\"twitter-tweet twitter-tweet-rendered\"><\/div>\n<div>Fuente: Honduras.com<\/div>\n","protected":false},"excerpt":{"rendered":"<p>18.03.2025 \u00a1Una joyita! El futbolista hondure\u00f1o Alejandro\u00a0Reyes\u00a0se mand\u00f3 un\u00a0golazo\u00a0en la jornada 13 de la Primera Divisi\u00f3n de\u00a0Costa Rica, al anotar con el Sporting FC, en la derrota por 1-2 ante Herediano. El legionario est\u00e1 llamando la atenci\u00f3n en el f\u00fatbol tico por su preponderante rendimiento en sus \u00faltimos partidos con los \u00ablibertos\u00bb. En ese sentido, &hellip;<\/p>\n","protected":false},"author":0,"featured_media":88445,"comment_status":"open","ping_status":"open","sticky":false,"template":"","format":"standard","meta":{"_jetpack_memberships_contains_paid_content":false,"footnotes":""},"categories":[5],"tags":[],"class_list":["post-88444","post","type-post","status-publish","format-standard","has-post-thumbnail","","category-noticias"],"jetpack_sharing_enabled":true,"jetpack_featured_media_url":"http:\/\/mickyandoniehn.com\/radio\/wp-content\/uploads\/2025\/03\/1-5-5DS05q.jpeg","_links":{"self":[{"href":"http:\/\/mickyandoniehn.com\/radio\/wp-json\/wp\/v2\/posts\/88444","targetHints":{"allow":["GET"]}}],"collection":[{"href":"http:\/\/mickyandoniehn.com\/radio\/wp-json\/wp\/v2\/posts"}],"about":[{"href":"http:\/\/mickyandoniehn.com\/radio\/wp-json\/wp\/v2\/types\/post"}],"replies":[{"embeddable":true,"href":"http:\/\/mickyandoniehn.com\/radio\/wp-json\/wp\/v2\/comments?post=88444"}],"version-history":[{"count":0,"href":"http:\/\/mickyandoniehn.com\/radio\/wp-json\/wp\/v2\/posts\/88444\/revisions"}],"wp:featuredmedia":[{"embeddable":true,"href":"http:\/\/mickyandoniehn.com\/radio\/wp-json\/wp\/v2\/media\/88445"}],"wp:attachment":[{"href":"http:\/\/mickyandoniehn.com\/radio\/wp-json\/wp\/v2\/media?parent=88444"}],"wp:term":[{"taxonomy":"category","embeddable":true,"href":"http:\/\/mickyandoniehn.com\/radio\/wp-json\/wp\/v2\/categories?post=88444"},{"taxonomy":"post_tag","embeddable":true,"href":"http:\/\/mickyandoniehn.com\/radio\/wp-json\/wp\/v2\/tags?post=88444"}],"curies":[{"name":"wp","href":"https:\/\/api.w.org\/{rel}","templated":true}]}}