{"id":88224,"date":"2025-03-14T10:12:40","date_gmt":"2025-03-14T16:12:40","guid":{"rendered":"http:\/\/mickyandoniehn.com\/radio\/2025\/03\/14\/manana-viernes-sera-la-audiencia-inicial-para-david-chavez\/"},"modified":"2025-03-14T10:12:40","modified_gmt":"2025-03-14T16:12:40","slug":"manana-viernes-sera-la-audiencia-inicial-para-david-chavez","status":"publish","type":"post","link":"http:\/\/mickyandoniehn.com\/radio\/2025\/03\/14\/manana-viernes-sera-la-audiencia-inicial-para-david-chavez\/","title":{"rendered":"Ma\u00f1ana viernes ser\u00e1 la audiencia inicial para David Ch\u00e1vez"},"content":{"rendered":"<\/p>\n<p><strong>Tegucigalpa\u00a0<\/strong>\u2013 Las autoridades judiciales han informado este jueves que se ha cambiado la fecha de la audiencia inicial en el proceso que mantiene en su contra el presidente del Comit\u00e9 Central del Partido Nacional (CCPN), David Ch\u00e1vez.<\/p>\n<p>El imputado mantiene un caso en su contra por supuestos actos de corrupci\u00f3n en el Instituto Nacional de Formaci\u00f3n Profesional (Infop).<\/p>\n<p>De esta forma, la audiencia inicial en contra del dirigente nacionalista ser\u00e1 ma\u00f1ana viernes 14 de marzo a las 9 de la ma\u00f1ana.<\/p>\n<p>Seg\u00fan el requerimiento fiscal, los acusados actuaron de forma deliberada para defraudar al Estado a trav\u00e9s de la supuesta manipulaci\u00f3n del proceso de licitaci\u00f3n y la compra de suministros que no tuvieron utilidad ni funcionalidad y habr\u00edan sido sobrevalorados, adquiri\u00e9ndolos por 920 mil euros y vendi\u00e9ndoselos al Infop por 75 millones 837 mil 529 lempiras, creando un perjuicio para el Estado de casi 51 millones de lempiras.<\/p>\n<p>El 1 de marzo, Ch\u00e1vez se present\u00f3 ante el juez competente quien le dict\u00f3\u00a0<strong><a href=\"https:\/\/proceso.hn\/david-chavez-se-presenta-a-audiencia-de-imputado-en-el-juzgado-de-corrupcion\/\" target=\"_blank\">medidas sustitutivas<\/a><\/strong>\u00a0a la prisi\u00f3n.<\/p>\n<p>Fuente: Proceso Digital<\/p>\n","protected":false},"excerpt":{"rendered":"<p>Tegucigalpa\u00a0\u2013 Las autoridades judiciales han informado este jueves que se ha cambiado la fecha de la audiencia inicial en el proceso que mantiene en su contra el presidente del Comit\u00e9 Central del Partido Nacional (CCPN), David Ch\u00e1vez. El imputado mantiene un caso en su contra por supuestos actos de corrupci\u00f3n en el Instituto Nacional de &hellip;<\/p>\n","protected":false},"author":0,"featured_media":88225,"comment_status":"open","ping_status":"open","sticky":false,"template":"","format":"standard","meta":{"_jetpack_memberships_contains_paid_content":false,"footnotes":""},"categories":[5],"tags":[],"class_list":["post-88224","post","type-post","status-publish","format-standard","has-post-thumbnail","","category-noticias"],"jetpack_sharing_enabled":true,"jetpack_featured_media_url":"http:\/\/mickyandoniehn.com\/radio\/wp-content\/uploads\/2025\/03\/Captura-de-pantalla-2025-03-13-223410-f4mttV.png","_links":{"self":[{"href":"http:\/\/mickyandoniehn.com\/radio\/wp-json\/wp\/v2\/posts\/88224","targetHints":{"allow":["GET"]}}],"collection":[{"href":"http:\/\/mickyandoniehn.com\/radio\/wp-json\/wp\/v2\/posts"}],"about":[{"href":"http:\/\/mickyandoniehn.com\/radio\/wp-json\/wp\/v2\/types\/post"}],"replies":[{"embeddable":true,"href":"http:\/\/mickyandoniehn.com\/radio\/wp-json\/wp\/v2\/comments?post=88224"}],"version-history":[{"count":0,"href":"http:\/\/mickyandoniehn.com\/radio\/wp-json\/wp\/v2\/posts\/88224\/revisions"}],"wp:featuredmedia":[{"embeddable":true,"href":"http:\/\/mickyandoniehn.com\/radio\/wp-json\/wp\/v2\/media\/88225"}],"wp:attachment":[{"href":"http:\/\/mickyandoniehn.com\/radio\/wp-json\/wp\/v2\/media?parent=88224"}],"wp:term":[{"taxonomy":"category","embeddable":true,"href":"http:\/\/mickyandoniehn.com\/radio\/wp-json\/wp\/v2\/categories?post=88224"},{"taxonomy":"post_tag","embeddable":true,"href":"http:\/\/mickyandoniehn.com\/radio\/wp-json\/wp\/v2\/tags?post=88224"}],"curies":[{"name":"wp","href":"https:\/\/api.w.org\/{rel}","templated":true}]}}