{"id":88220,"date":"2025-03-14T10:12:35","date_gmt":"2025-03-14T16:12:35","guid":{"rendered":"http:\/\/mickyandoniehn.com\/radio\/2025\/03\/14\/ccit-en-alianza-con-bac-honduras-fecamco-y-are-impulsan-programa-de-internacionalizacion\/"},"modified":"2025-03-14T10:12:35","modified_gmt":"2025-03-14T16:12:35","slug":"ccit-en-alianza-con-bac-honduras-fecamco-y-are-impulsan-programa-de-internacionalizacion","status":"publish","type":"post","link":"http:\/\/mickyandoniehn.com\/radio\/2025\/03\/14\/ccit-en-alianza-con-bac-honduras-fecamco-y-are-impulsan-programa-de-internacionalizacion\/","title":{"rendered":"CCIT en alianza con BAC Honduras, FECAMCO y ARE impulsan programa de internacionalizaci\u00f3n"},"content":{"rendered":"<\/p>\n<p><strong>Tegucigalpa \u2013\u00a0<\/strong>La C\u00e1mara de Comercio e Industria de Tegucigalpa (CCIT), en colaboraci\u00f3n con BAC Honduras, la Federaci\u00f3n de C\u00e1maras de Comercio del Istmo Centroamericano (FECAMCO) y la Alianza Regional de Empresarias (ARE), anunciaron la participaci\u00f3n de dos emprendedoras hondure\u00f1as en la Expocomer 2025, a realizarse en Ciudad de Panam\u00e1 del 25 al 27 de marzo.<\/p>\n<p><strong>Melissa Ivel Reyes Montoya<\/strong>, de la empresa Lenkas by Ferdi, que se dedica al sector textil, vestuario y accesorio y\u00a0<strong>Carmen Mar\u00eda Miselem<\/strong>, de Expocan, empresa de sector agr\u00edcola, que se dedica a la exportaci\u00f3n de calabaza moscada o butternut squash, fueron seleccionadas mediante el programa \u00abInternacionalizaci\u00f3n de Empresas Lideradas por Mujeres\u00bb.<\/p>\n<p>Mediante este programa, se prepara a las empresarias para la exportaci\u00f3n y tambi\u00e9n fortalecer alianzas estrat\u00e9gicas que promuevan el desarrollo econ\u00f3mico sostenible en la regi\u00f3n centroamericana.<\/p>\n<h2 class=\"wp-block-heading\"><strong>El proceso de selecci\u00f3n<\/strong><\/h2>\n<p>Durante seis semanas, 50 mujeres a nivel regional entre ellas diez empresarias hondure\u00f1as socias de CCIT y beneficiarias del programa Mujeres BAC \u2013 Honduras, recibieron capacitaci\u00f3n especializada y asesor\u00eda personalizada en temas clave como normativas de exportaci\u00f3n, log\u00edstica internacional, an\u00e1lisis de mercado y estrategias financieras.<\/p>\n<p>Como resultado de este proceso, fueron seleccionadas dos empresarias destacadas que representar\u00e1n a Honduras en Expocomer y en la rueda de negocios con clientes internacionales, fortaleciendo as\u00ed su expansi\u00f3n comercial y visibilidad en mercados externos.<\/p>\n<div class=\"wp-block-embed__wrapper\">\n<div class=\"twitter-tweet twitter-tweet-rendered\"><\/div>\n<\/div>\n<p>El programa contempla una tercera fase, el Foro Centroamericano de Mujeres Empresarias \u00abConstruyendo una Regi\u00f3n de Oportunidades\u00bb, un espacio para el networking y reconocimiento de las mujeres exportadoras de la regi\u00f3n.<\/p>\n<p>\u00abCon este tipo de iniciativas, CCIT reafirma su compromiso con el empoderamiento femenino y el crecimiento empresarial, promoviendo oportunidades reales para que las mujeres hondure\u00f1as lideren el comercio internacional\u201d, destac\u00f3 Daniel Fort\u00edn, presidente de CCIT.<\/p>\n<div class=\"wp-block-embed__wrapper\">\n<div class=\"twitter-tweet twitter-tweet-rendered\"><\/div>\n<\/div>\n<p>Por su parte, Valeria R\u00edos, Vicepresidente de Estrategia Comercial, Mercadeo y Sostenibilidad de BAC Honduras afirm\u00f3 que a esta instituci\u00f3n bancaria le enorgullece ser parte de este proyecto de internacionalizaci\u00f3n que impulsa el crecimiento de dos empresarias, permiti\u00e9ndoles destacar con sus productos en la regi\u00f3n.<\/p>\n<p>\u201cComo instituci\u00f3n financiera comprometida con una banca m\u00e1s inclusiva, ofrecemos un robusto programa dise\u00f1ado especialmente para ellas: Mujeres BAC, una iniciativa que brinda acceso a soluciones financieras, formaci\u00f3n empresarial y herramientas de digitalizaci\u00f3n para fortalecer sus negocios\u00bb, expres\u00f3 R\u00edos.<\/p>\n<p>Fuente: Proceso Digital<\/p>\n","protected":false},"excerpt":{"rendered":"<p>Tegucigalpa \u2013\u00a0La C\u00e1mara de Comercio e Industria de Tegucigalpa (CCIT), en colaboraci\u00f3n con BAC Honduras, la Federaci\u00f3n de C\u00e1maras de Comercio del Istmo Centroamericano (FECAMCO) y la Alianza Regional de Empresarias (ARE), anunciaron la participaci\u00f3n de dos emprendedoras hondure\u00f1as en la Expocomer 2025, a realizarse en Ciudad de Panam\u00e1 del 25 al 27 de marzo. &hellip;<\/p>\n","protected":false},"author":0,"featured_media":88221,"comment_status":"open","ping_status":"open","sticky":false,"template":"","format":"standard","meta":{"_jetpack_memberships_contains_paid_content":false,"footnotes":""},"categories":[5],"tags":[],"class_list":["post-88220","post","type-post","status-publish","format-standard","has-post-thumbnail","","category-noticias"],"jetpack_sharing_enabled":true,"jetpack_featured_media_url":"http:\/\/mickyandoniehn.com\/radio\/wp-content\/uploads\/2025\/03\/Captura-de-pantalla-2025-03-13-221748-vHrPXm.png","_links":{"self":[{"href":"http:\/\/mickyandoniehn.com\/radio\/wp-json\/wp\/v2\/posts\/88220","targetHints":{"allow":["GET"]}}],"collection":[{"href":"http:\/\/mickyandoniehn.com\/radio\/wp-json\/wp\/v2\/posts"}],"about":[{"href":"http:\/\/mickyandoniehn.com\/radio\/wp-json\/wp\/v2\/types\/post"}],"replies":[{"embeddable":true,"href":"http:\/\/mickyandoniehn.com\/radio\/wp-json\/wp\/v2\/comments?post=88220"}],"version-history":[{"count":0,"href":"http:\/\/mickyandoniehn.com\/radio\/wp-json\/wp\/v2\/posts\/88220\/revisions"}],"wp:featuredmedia":[{"embeddable":true,"href":"http:\/\/mickyandoniehn.com\/radio\/wp-json\/wp\/v2\/media\/88221"}],"wp:attachment":[{"href":"http:\/\/mickyandoniehn.com\/radio\/wp-json\/wp\/v2\/media?parent=88220"}],"wp:term":[{"taxonomy":"category","embeddable":true,"href":"http:\/\/mickyandoniehn.com\/radio\/wp-json\/wp\/v2\/categories?post=88220"},{"taxonomy":"post_tag","embeddable":true,"href":"http:\/\/mickyandoniehn.com\/radio\/wp-json\/wp\/v2\/tags?post=88220"}],"curies":[{"name":"wp","href":"https:\/\/api.w.org\/{rel}","templated":true}]}}