{"id":88152,"date":"2025-03-11T10:12:35","date_gmt":"2025-03-11T16:12:35","guid":{"rendered":"http:\/\/mickyandoniehn.com\/radio\/2025\/03\/11\/centros-educativos-reinician-clases-entre-basura-tras-elecciones-primarias\/"},"modified":"2025-03-11T10:12:35","modified_gmt":"2025-03-11T16:12:35","slug":"centros-educativos-reinician-clases-entre-basura-tras-elecciones-primarias","status":"publish","type":"post","link":"http:\/\/mickyandoniehn.com\/radio\/2025\/03\/11\/centros-educativos-reinician-clases-entre-basura-tras-elecciones-primarias\/","title":{"rendered":"Centros educativos reinician clases entre basura tras elecciones primarias"},"content":{"rendered":"<p>11.03.2025<\/p>\n<p><a class=\"post-thumbnail open-lightbox\" href=\"https:\/\/i1.wp.com\/diarioroatan.com\/wp-content\/uploads\/2025\/03\/image-280.png?ssl=1\"><\/a><\/p>\n<p>Pese a la suspensi\u00f3n de clases el lunes 10 de marzo para labores de limpieza, varios centros educativos del pa\u00eds reiniciaron actividades este martes con basura acumulada, tras haber sido utilizados como centros de votaci\u00f3n durante las elecciones primarias.<\/p>\n<p>Aunque la Secretar\u00eda de Educaci\u00f3n estableci\u00f3 la suspensi\u00f3n de clases para permitir la limpieza de las instalaciones, en muchos centros el personal no logr\u00f3 cubrir la demanda, lo que oblig\u00f3 a los estudiantes a colaborar en la recolecci\u00f3n de desechos.<\/p>\n<p>De acuerdo con el art\u00edculo 93 de la Ley Electoral de Honduras, desde el s\u00e1bado 8 de marzo, los centros educativos pasaron a disposici\u00f3n del Consejo Nacional Electoral (CNE) y de las Fuerzas Armadas para la celebraci\u00f3n de los comicios. Sin embargo, en algunos lugares, el d\u00eda destinado a la limpieza no se aprovech\u00f3, lo que gener\u00f3 acumulaci\u00f3n de basura hasta el reinicio de clases.<\/p>\n<p>Esta situaci\u00f3n ha generado cr\u00edticas por la falta de coordinaci\u00f3n en la entrega de los centros educativos, afectando el retorno a las actividades acad\u00e9micas en condiciones \u00f3ptimas.<\/p>\n<p>Fuente: Diario Roat\u00e1n<\/p>\n","protected":false},"excerpt":{"rendered":"<p>11.03.2025 Pese a la suspensi\u00f3n de clases el lunes 10 de marzo para labores de limpieza, varios centros educativos del pa\u00eds reiniciaron actividades este martes con basura acumulada, tras haber sido utilizados como centros de votaci\u00f3n durante las elecciones primarias. Aunque la Secretar\u00eda de Educaci\u00f3n estableci\u00f3 la suspensi\u00f3n de clases para permitir la limpieza de &hellip;<\/p>\n","protected":false},"author":0,"featured_media":88153,"comment_status":"open","ping_status":"open","sticky":false,"template":"","format":"standard","meta":{"_jetpack_memberships_contains_paid_content":false,"footnotes":""},"categories":[5],"tags":[],"class_list":["post-88152","post","type-post","status-publish","format-standard","has-post-thumbnail","","category-noticias"],"jetpack_sharing_enabled":true,"jetpack_featured_media_url":"http:\/\/mickyandoniehn.com\/radio\/wp-content\/uploads\/2025\/03\/image-280-750x430-rkFDY3.png","_links":{"self":[{"href":"http:\/\/mickyandoniehn.com\/radio\/wp-json\/wp\/v2\/posts\/88152","targetHints":{"allow":["GET"]}}],"collection":[{"href":"http:\/\/mickyandoniehn.com\/radio\/wp-json\/wp\/v2\/posts"}],"about":[{"href":"http:\/\/mickyandoniehn.com\/radio\/wp-json\/wp\/v2\/types\/post"}],"replies":[{"embeddable":true,"href":"http:\/\/mickyandoniehn.com\/radio\/wp-json\/wp\/v2\/comments?post=88152"}],"version-history":[{"count":0,"href":"http:\/\/mickyandoniehn.com\/radio\/wp-json\/wp\/v2\/posts\/88152\/revisions"}],"wp:featuredmedia":[{"embeddable":true,"href":"http:\/\/mickyandoniehn.com\/radio\/wp-json\/wp\/v2\/media\/88153"}],"wp:attachment":[{"href":"http:\/\/mickyandoniehn.com\/radio\/wp-json\/wp\/v2\/media?parent=88152"}],"wp:term":[{"taxonomy":"category","embeddable":true,"href":"http:\/\/mickyandoniehn.com\/radio\/wp-json\/wp\/v2\/categories?post=88152"},{"taxonomy":"post_tag","embeddable":true,"href":"http:\/\/mickyandoniehn.com\/radio\/wp-json\/wp\/v2\/tags?post=88152"}],"curies":[{"name":"wp","href":"https:\/\/api.w.org\/{rel}","templated":true}]}}