{"id":88033,"date":"2025-03-06T17:15:23","date_gmt":"2025-03-06T23:15:23","guid":{"rendered":"http:\/\/mickyandoniehn.com\/radio\/2025\/03\/06\/espana-apoya-un-proyecto-en-honduras-para-impulsar-participacion-politica-de-las-mujeres\/"},"modified":"2025-03-06T17:15:23","modified_gmt":"2025-03-06T23:15:23","slug":"espana-apoya-un-proyecto-en-honduras-para-impulsar-participacion-politica-de-las-mujeres","status":"publish","type":"post","link":"http:\/\/mickyandoniehn.com\/radio\/2025\/03\/06\/espana-apoya-un-proyecto-en-honduras-para-impulsar-participacion-politica-de-las-mujeres\/","title":{"rendered":"Espa\u00f1a apoya un proyecto en Honduras para impulsar participaci\u00f3n pol\u00edtica de las mujeres"},"content":{"rendered":"<\/p>\n<p><strong>Tegucigalpa \u2013\u00a0<\/strong>Dos organizaciones hondure\u00f1as, con apoyo de la Agencia Espa\u00f1ola de Cooperaci\u00f3n Internacional para el Desarrollo (AECID) y Oxfam, presentaron este mi\u00e9rcoles en Tegucigalpa un proyecto orientado a impulsar pol\u00edticas p\u00fablicas que garanticen los derechos de las mujeres y fortalecer la democracia promoviendo su participaci\u00f3n activa en procesos electorales.<\/p>\n<p>El proyecto, denominado \u201cNosotras Construyendo Democracia: Ciudadan\u00eda activa de las mujeres en Honduras\u201d, fue presentado por el Centro de Estudios de la Mujer Honduras (CEM-H) y el Centro de Estudio para la Democracia (CESPAD) y se ejecutar\u00e1 en tres departamentos del pa\u00eds donde las barreras estructurales han \u00ablimitado hist\u00f3ricamente\u201d el acceso de las mujeres a espacios de poder.<\/p>\n<p>Durante el lanzamiento del proyecto, el embajador de Espa\u00f1a en Honduras, Diego Nu\u00f1o Garc\u00eda, reafirm\u00f3 el compromiso de su pa\u00eds con los derechos humanos de las mujeres y el fortalecimiento en pol\u00edtica.<\/p>\n<p>\u00abEspa\u00f1a es un pa\u00eds que se quiere ver como un referente internacional en materia de legislaci\u00f3n sobre igualdad de g\u00e9nero y en sus relaciones internacionales, estamos orgullosos tambi\u00e9n de aplicar una pol\u00edtica exterior que llamamos pol\u00edtica feminista\u00bb, subray\u00f3 el embajador espa\u00f1ol.<\/p>\n<p>Se\u00f1al\u00f3 que, si bien las mujeres representan m\u00e1s del 50 % de la poblaci\u00f3n de Honduras, \u00absiguen enfrentando barreras estructurales que limitan su acceso a los espacios de poder y toma de decisiones\u00bb.<\/p>\n<p>Nu\u00f1o Garc\u00eda lament\u00f3 que la participaci\u00f3n femenina en pol\u00edtica hondure\u00f1a contin\u00fae siendo baja y que la violencia pol\u00edtica \u00absigue amenazando la participaci\u00f3n plena de las mujeres en la construcci\u00f3n democr\u00e1tica\u00bb del pa\u00eds\u00bb.<\/p>\n<p>No obstante, el diplom\u00e1tico espa\u00f1ol destac\u00f3 avances importantes, como la elecci\u00f3n de la primera mujer presidenta en la historia de Honduras, Xiomara Castro.<\/p>\n<h2 class=\"wp-block-heading\"><strong>Urgente fortalecer participaci\u00f3n femenina en pol\u00edtica<\/strong><\/h2>\n<p>La directora de Oxfam en Honduras, Daisy \u00c1vila, se\u00f1al\u00f3 que el proyecto responde a la \u00aburgente\u00bb necesidad de fortalecer la participaci\u00f3n pol\u00edtica de las mujeres en el pa\u00eds<\/p>\n<p>\u00abSabemos que la democracia no puede existir plenamente sin la participaci\u00f3n equitativa de las mujeres en la toma de decisiones; Sin embargo, el panorama de nuestro pa\u00eds sigue presentando desaf\u00edos significativos\u00bb, enfatiz\u00f3 \u00c1vila.<\/p>\n<p>A\u00f1adi\u00f3 que Honduras est\u00e1 \u00abmuy lejos\u00bb de lograr la equidad y paridad en la participaci\u00f3n femenina en la vida pol\u00edtica.<\/p>\n<p>La iniciativa beneficiar\u00e1 a 2.340 personas, de las cuales el 80 % son mujeres, y se centrar\u00e1 en tres \u00e1reas clave: formaci\u00f3n, generaci\u00f3n de evidencia e incidencia pol\u00edtica, seg\u00fan la Aecid.<\/p>\n<p>Las beneficiarias recibir\u00e1n capacitaci\u00f3n en incidencia pol\u00edtica y liderazgo a trav\u00e9s de la Escuela Feminista y la Escuela de Liderazgo Pol\u00edtico Interpartidario.<\/p>\n<p>Adem\u00e1s, se llevar\u00e1n a cabo estudios sobre participaci\u00f3n pol\u00edtica, impacto de pol\u00edticas fiscales y cumplimiento de compromisos gubernamentales. Se impulsar\u00e1n, adem\u00e1s, estrategias de comunicaci\u00f3n y reuniones de cabildeo con actores pol\u00edticos para promover la inclusi\u00f3n de la agenda feminista en la toma de decisiones.<\/p>\n<p>Este proyecto se alinea con los objetivos del programa Ellas+ de la AECID, una iniciativa que fomenta la participaci\u00f3n y el liderazgo efectivo de las mujeres en todos los \u00e1mbitos de decisi\u00f3n pol\u00edtica, econ\u00f3mica, social y cultural.<\/p>\n<p>Fuente: Proceso Digital<\/p>\n","protected":false},"excerpt":{"rendered":"<p>Tegucigalpa \u2013\u00a0Dos organizaciones hondure\u00f1as, con apoyo de la Agencia Espa\u00f1ola de Cooperaci\u00f3n Internacional para el Desarrollo (AECID) y Oxfam, presentaron este mi\u00e9rcoles en Tegucigalpa un proyecto orientado a impulsar pol\u00edticas p\u00fablicas que garanticen los derechos de las mujeres y fortalecer la democracia promoviendo su participaci\u00f3n activa en procesos electorales. El proyecto, denominado \u201cNosotras Construyendo Democracia: &hellip;<\/p>\n","protected":false},"author":0,"featured_media":88034,"comment_status":"open","ping_status":"open","sticky":false,"template":"","format":"standard","meta":{"_jetpack_memberships_contains_paid_content":false,"footnotes":""},"categories":[5],"tags":[],"class_list":["post-88033","post","type-post","status-publish","format-standard","has-post-thumbnail","","category-noticias"],"jetpack_sharing_enabled":true,"jetpack_featured_media_url":"http:\/\/mickyandoniehn.com\/radio\/wp-content\/uploads\/2025\/03\/Captura-de-pantalla-2025-03-06-163847-QkyrFL.png","_links":{"self":[{"href":"http:\/\/mickyandoniehn.com\/radio\/wp-json\/wp\/v2\/posts\/88033","targetHints":{"allow":["GET"]}}],"collection":[{"href":"http:\/\/mickyandoniehn.com\/radio\/wp-json\/wp\/v2\/posts"}],"about":[{"href":"http:\/\/mickyandoniehn.com\/radio\/wp-json\/wp\/v2\/types\/post"}],"replies":[{"embeddable":true,"href":"http:\/\/mickyandoniehn.com\/radio\/wp-json\/wp\/v2\/comments?post=88033"}],"version-history":[{"count":0,"href":"http:\/\/mickyandoniehn.com\/radio\/wp-json\/wp\/v2\/posts\/88033\/revisions"}],"wp:featuredmedia":[{"embeddable":true,"href":"http:\/\/mickyandoniehn.com\/radio\/wp-json\/wp\/v2\/media\/88034"}],"wp:attachment":[{"href":"http:\/\/mickyandoniehn.com\/radio\/wp-json\/wp\/v2\/media?parent=88033"}],"wp:term":[{"taxonomy":"category","embeddable":true,"href":"http:\/\/mickyandoniehn.com\/radio\/wp-json\/wp\/v2\/categories?post=88033"},{"taxonomy":"post_tag","embeddable":true,"href":"http:\/\/mickyandoniehn.com\/radio\/wp-json\/wp\/v2\/tags?post=88033"}],"curies":[{"name":"wp","href":"https:\/\/api.w.org\/{rel}","templated":true}]}}