{"id":87898,"date":"2025-02-27T14:12:41","date_gmt":"2025-02-27T20:12:41","guid":{"rendered":"http:\/\/mickyandoniehn.com\/radio\/2025\/02\/27\/alcaldia-de-comayagua-compra-un-nuevo-tractor\/"},"modified":"2025-02-27T14:12:41","modified_gmt":"2025-02-27T20:12:41","slug":"alcaldia-de-comayagua-compra-un-nuevo-tractor","status":"publish","type":"post","link":"http:\/\/mickyandoniehn.com\/radio\/2025\/02\/27\/alcaldia-de-comayagua-compra-un-nuevo-tractor\/","title":{"rendered":"Alcald\u00eda de Comayagua compra un nuevo tractor"},"content":{"rendered":"<\/p>\n<p><strong>Comayagua. 27.2.2025.<\/strong> Con el objetivo de mejorar la gesti\u00f3n del relleno sanitario de la ciudad, la Alcald\u00eda de Comayagua compr\u00f3 un nuevo tractor por un monto superior a 8.8 millones de lempiras, utilizando fondos propios provenientes del pago de impuestos de los ciudadanos.<\/p>\n<p>La adquisici\u00f3n responde a la necesidad de garantizar un manejo eficiente de los residuos s\u00f3lidos generados por la poblaci\u00f3n. La nueva maquinaria permitir\u00e1 optimizar el funcionamiento del relleno sanitario, que ha enfrentado desaf\u00edos en los \u00faltimos meses, debido al deterioro del tractor anterior, que operaba desde 2012.<\/p>\n<p>\u201cCon este nuevo equipo, que cuenta con mayor potencia y capacidad, aseguramos que nuestro relleno siga siendo uno de los mejor gestionados en Honduras\u201d, afirm\u00f3 el alcalde Carlos Miranda.<\/p>\n<div class=\"fs-dynamic\"><\/div>\n<p>De esta manera, el edil destac\u00f3 la rapidez con la que se concret\u00f3 la compra, agradeciendo la agilidad en el proceso de la Corporaci\u00f3n Municipal.<\/p>\n<p>\u201cTuvimos la suerte de encontrar la maquinaria disponible en el pa\u00eds, lo que nos evit\u00f3 una espera prolongada de cinco a seis meses. Adem\u00e1s, contamos con personal capacitado para operar el tractor, lo que nos permitir\u00e1 dejar de alquilar horas de maquinaria y cumplir con las recomendaciones t\u00e9cnicas para mantener un relleno libre de moscas, aves y malos olores\u201d, agreg\u00f3.<\/p>\n<p>Miranda subray\u00f3 la importancia de la inversi\u00f3n, resaltando que la Alcald\u00eda de Comayagua ha logrado estabilizar sus finanzas, lo que ha permitido realizar esta compra directa con fondos propios.<\/p>\n<div class=\"fs-dynamic\"><\/div>\n<p>\u201cEl relleno sanitario es crucial para la disposici\u00f3n de los desechos de la ciudad, y es nuestra responsabilidad asegurar su manejo adecuado para prolongar su vida \u00fatil y proteger el medio ambiente\u201d, concluy\u00f3.<\/p>\n<p>Fuente: La Tribuna.<\/p>\n","protected":false},"excerpt":{"rendered":"<p>Comayagua. 27.2.2025. Con el objetivo de mejorar la gesti\u00f3n del relleno sanitario de la ciudad, la Alcald\u00eda de Comayagua compr\u00f3 un nuevo tractor por un monto superior a 8.8 millones de lempiras, utilizando fondos propios provenientes del pago de impuestos de los ciudadanos. La adquisici\u00f3n responde a la necesidad de garantizar un manejo eficiente de &hellip;<\/p>\n","protected":false},"author":0,"featured_media":0,"comment_status":"open","ping_status":"open","sticky":false,"template":"","format":"standard","meta":{"_jetpack_memberships_contains_paid_content":false,"footnotes":""},"categories":[5],"tags":[],"class_list":["post-87898","post","type-post","status-publish","format-standard","","category-noticias"],"jetpack_sharing_enabled":true,"jetpack_featured_media_url":"","_links":{"self":[{"href":"http:\/\/mickyandoniehn.com\/radio\/wp-json\/wp\/v2\/posts\/87898","targetHints":{"allow":["GET"]}}],"collection":[{"href":"http:\/\/mickyandoniehn.com\/radio\/wp-json\/wp\/v2\/posts"}],"about":[{"href":"http:\/\/mickyandoniehn.com\/radio\/wp-json\/wp\/v2\/types\/post"}],"replies":[{"embeddable":true,"href":"http:\/\/mickyandoniehn.com\/radio\/wp-json\/wp\/v2\/comments?post=87898"}],"version-history":[{"count":0,"href":"http:\/\/mickyandoniehn.com\/radio\/wp-json\/wp\/v2\/posts\/87898\/revisions"}],"wp:attachment":[{"href":"http:\/\/mickyandoniehn.com\/radio\/wp-json\/wp\/v2\/media?parent=87898"}],"wp:term":[{"taxonomy":"category","embeddable":true,"href":"http:\/\/mickyandoniehn.com\/radio\/wp-json\/wp\/v2\/categories?post=87898"},{"taxonomy":"post_tag","embeddable":true,"href":"http:\/\/mickyandoniehn.com\/radio\/wp-json\/wp\/v2\/tags?post=87898"}],"curies":[{"name":"wp","href":"https:\/\/api.w.org\/{rel}","templated":true}]}}