{"id":87896,"date":"2025-02-27T14:12:40","date_gmt":"2025-02-27T20:12:40","guid":{"rendered":"http:\/\/mickyandoniehn.com\/radio\/2025\/02\/27\/reos-reparan-aula-en-escuela-tomasa-pineda-de-benedeto\/"},"modified":"2025-02-27T14:12:40","modified_gmt":"2025-02-27T20:12:40","slug":"reos-reparan-aula-en-escuela-tomasa-pineda-de-benedeto","status":"publish","type":"post","link":"http:\/\/mickyandoniehn.com\/radio\/2025\/02\/27\/reos-reparan-aula-en-escuela-tomasa-pineda-de-benedeto\/","title":{"rendered":"Reos reparan aula en Escuela Tomasa Pineda de Benedeto"},"content":{"rendered":"<p>\u00a0<\/p>\n<p>En un acto de solidaridad y compromiso con la educaci\u00f3n, internos del Centro Penal de Choluteca realizaron importantes trabajos de reparaci\u00f3n en un aula de la Escuela Tomasa Pineda de Benedeto, contribuyendo as\u00ed al bienestar de la ni\u00f1ez que estudia en este centro educativo.<\/p>\n<p>El director del centro penitenciario, teniente coronel Wilman Guzm\u00e1n, junto con miembros del Consejo T\u00e9cnico Interdisciplinario, visit\u00f3 la escuela para hacer entrega oficial del aula restaurada.<\/p>\n<p>Durante el evento, se destac\u00f3 el esfuerzo y dedicaci\u00f3n de las personas privadas de libertad quienes participaron activamente en el proceso de rehabilitaci\u00f3n a trav\u00e9s del programa (RRR).<\/p>\n<h3>Trabajos realizados<\/h3>\n<div class=\"fs-dynamic\"><\/div>\n<p>Los internos llevaron a cabo diversas mejoras estructurales en el aula, entre las que se incluyen como reparaci\u00f3n del techo, asegurando la protecci\u00f3n ante las inclemencias del clima.<\/p>\n<p>Adem\u00e1s, se cambi\u00f3 el cielo falso, se mejor\u00f3 la iluminaci\u00f3n y est\u00e9tica del aula y se repararon los pupitres, permitiendo que los estudiantes cuenten con mobiliario en buen estado para su aprendizaje.<\/p>\n<p>\u201cEse tipo de iniciativas forman parte de los programas de rehabilitaci\u00f3n implementados en el centro penal, cuyo objetivo es brindar a los internos herramientas para su futura reinserci\u00f3n en la sociedad como ciudadanos productivos y transformados\u201d expres\u00f3 Guzman.<\/p>\n<div class=\"fs-dynamic\"><\/div>\n<p>El oficial resalt\u00f3 la importancia de esos proyectos y expres\u00f3 su satisfacci\u00f3n por la labor realizada, subrayando que este tipo de actividades fortalecen el v\u00ednculo entre el sistema penitenciario y la comunidad.<\/p>\n<p>\u201cNuestra misi\u00f3n no solo es la custodia, sino tambi\u00e9n la rehabilitaci\u00f3n. A trav\u00e9s de estos trabajos, los internos tienen la oportunidad de retribuir a la sociedad y demostrar su cambio positivo\u00bb, enfatiz\u00f3.<\/p>\n<p>Fuente: La Tribuna.<\/p>\n","protected":false},"excerpt":{"rendered":"<p>\u00a0 En un acto de solidaridad y compromiso con la educaci\u00f3n, internos del Centro Penal de Choluteca realizaron importantes trabajos de reparaci\u00f3n en un aula de la Escuela Tomasa Pineda de Benedeto, contribuyendo as\u00ed al bienestar de la ni\u00f1ez que estudia en este centro educativo. El director del centro penitenciario, teniente coronel Wilman Guzm\u00e1n, junto &hellip;<\/p>\n","protected":false},"author":0,"featured_media":0,"comment_status":"open","ping_status":"open","sticky":false,"template":"","format":"standard","meta":{"_jetpack_memberships_contains_paid_content":false,"footnotes":""},"categories":[5],"tags":[],"class_list":["post-87896","post","type-post","status-publish","format-standard","","category-noticias"],"jetpack_sharing_enabled":true,"jetpack_featured_media_url":"","_links":{"self":[{"href":"http:\/\/mickyandoniehn.com\/radio\/wp-json\/wp\/v2\/posts\/87896","targetHints":{"allow":["GET"]}}],"collection":[{"href":"http:\/\/mickyandoniehn.com\/radio\/wp-json\/wp\/v2\/posts"}],"about":[{"href":"http:\/\/mickyandoniehn.com\/radio\/wp-json\/wp\/v2\/types\/post"}],"replies":[{"embeddable":true,"href":"http:\/\/mickyandoniehn.com\/radio\/wp-json\/wp\/v2\/comments?post=87896"}],"version-history":[{"count":0,"href":"http:\/\/mickyandoniehn.com\/radio\/wp-json\/wp\/v2\/posts\/87896\/revisions"}],"wp:attachment":[{"href":"http:\/\/mickyandoniehn.com\/radio\/wp-json\/wp\/v2\/media?parent=87896"}],"wp:term":[{"taxonomy":"category","embeddable":true,"href":"http:\/\/mickyandoniehn.com\/radio\/wp-json\/wp\/v2\/categories?post=87896"},{"taxonomy":"post_tag","embeddable":true,"href":"http:\/\/mickyandoniehn.com\/radio\/wp-json\/wp\/v2\/tags?post=87896"}],"curies":[{"name":"wp","href":"https:\/\/api.w.org\/{rel}","templated":true}]}}